{"id":56703,"date":"2026-01-07T16:45:51","date_gmt":"2026-01-07T16:45:51","guid":{"rendered":"https:\/\/247stiri.ro\/index.php\/2026\/01\/07\/pozitia-sanitas-dupa-cazul-tanarului-decedat-la-buzau-medicii-nu-pot-fi-judecati-inaintea-concluziilor-oficiale\/"},"modified":"2026-01-07T16:45:51","modified_gmt":"2026-01-07T16:45:51","slug":"pozitia-sanitas-dupa-cazul-tanarului-decedat-la-buzau-medicii-nu-pot-fi-judecati-inaintea-concluziilor-oficiale","status":"publish","type":"post","link":"https:\/\/247stiri.ro\/index.php\/2026\/01\/07\/pozitia-sanitas-dupa-cazul-tanarului-decedat-la-buzau-medicii-nu-pot-fi-judecati-inaintea-concluziilor-oficiale\/","title":{"rendered":"Pozi\u021bia Sanitas dup\u0103 cazul t\u00e2n\u0103rului decedat la Buz\u0103u: Medicii nu pot fi judeca\u021bi \u00eenaintea concluziilor oficiale"},"content":{"rendered":"<p>Reprezentan\u021bii organiza\u021biei fac apel la calm \u0219i responsabilitate, subliniind c\u0103 stabilirea vinov\u0103\u021biilor trebuie s\u0103 aib\u0103 loc doar dup\u0103 finalizarea investiga\u021biilor medicale \u0219i legale.<\/p>\n<p>Sanitas reac\u0163ioneaz\u0103 dup\u0103 moartea t\u00e2n\u0103rului de 25 de ani din Buz\u0103u<\/p>\n<p><a href=\"https:\/\/www.realitatea.net\/stiri\/actual\/noi-detalii-in-cazul-tanarului-de-25-de-ani-mort-intrun-spital-din-buzau-denisa-iubita-lui-acuza-lipsa-de-empatie-si-posibile-erori-medicale_695d5a1d0b33cf6213183107\" target=\"_blank\">\u00centr-un mesaj adresat<\/a> comunit\u0103\u021bii locale, Sanitas arat\u0103 c\u0103 revolta \u0219i durerea sunt reac\u021bii fire\u0219ti \u00een fa\u021ba unei tragedii, \u00eens\u0103 transformarea acestora \u00een acuza\u021bii directe la adresa personalului medical, f\u0103r\u0103 dovezi clare, este nedreapt\u0103. Sindicatul atrage aten\u021bia c\u0103 evolu\u021bia unor traumatisme poate fi imprevizibil\u0103, iar complica\u021biile severe pot ap\u0103rea chiar \u0219i atunci c\u00e2nd \u00eengrijirile acordate respect\u0103 protocoalele medicale.<\/p>\n<p>Printre exemplele invocate se num\u0103r\u0103 embolia gr\u0103soas\u0103, o afec\u021biune rar\u0103, dar extrem de grav\u0103, care poate surveni la ore sau zile dup\u0103 leziuni ale oaselor lungi, inclusiv dup\u0103 interven\u021bii chirurgicale sau \u00een perioada de monitorizare, arat\u0103 News.ro. Potrivit Sanitas, astfel de complica\u021bii pot ap\u0103rea \u00een ciuda tratamentului corect \u0219i a supravegherii medicale adecvate.<\/p>\n<p>Reprezentan\u021bii sindicatului explic\u0103, totodat\u0103, c\u0103 am\u00e2narea interven\u021biilor chirurgicale pentru fracturi care nu reprezint\u0103 urgen\u021be vitale face parte din practica medical\u0103 standard, decizia fiind luat\u0103 pe baza unei evalu\u0103ri atente a riscurilor. \u00cen acest context, ei reamintesc c\u0103 pacien\u021bii \u0219i familiile acestora sunt informa\u021bi, prin consim\u021b\u0103m\u00e2ntul medical, inclusiv despre riscurile rare, dar posibile, asociate tratamentelor.<\/p>\n<p>Sanitas mai subliniaz\u0103 c\u0103 exist\u0103 situa\u021bii limit\u0103, pu\u021bine ca frecven\u021b\u0103, \u00een care organismul unui pacient poate ceda din cauze independente de actul medical, fie din cauza st\u0103rii generale, fie a unui r\u0103spuns biologic imprevizibil. \u201eMedicina nu ofer\u0103 garan\u021bii absolute\u201d, arat\u0103 organiza\u021bia, preciz\u00e2nd c\u0103 nu orice deznod\u0103m\u00e2nt tragic este rezultatul unei gre\u0219eli.<\/p>\n<p>\u00cen final, sindicatul avertizeaz\u0103 c\u0103 acuza\u021biile premature de malpraxis pot avea efecte grave asupra sistemului sanitar, afect\u00e2nd \u00eencrederea public\u0103, descuraj\u00e2nd personalul medical \u0219i determin\u00e2nd plecarea speciali\u0219tilor din sistem. Mesajul transmis nu solicit\u0103 compasiune necondi\u021bionat\u0103, ci echilibru \u0219i discern\u0103m\u00e2nt.<\/p>\n<p>Reac\u021bia Sanitas vine \u00een contextul \u00een care, mar\u021bi, zeci de persoane, majoritatea prieteni \u0219i apropia\u021bi ai t\u00e2n\u0103rului decedat,<a href=\"https:\/\/www.realitatea.net\/stiri\/actual\/revolta-la-spitalul-judetean-buzau-zeci-de-oameni-cer-dreptate-dupa-moartea-suspecta-a-unui-tanar-video_695d19d5e54ee96c63342865\" target=\"_blank\"> s-au adunat \u00een curtea Spitalului Jude\u021bean de Urgen\u021b\u0103 Buz\u0103u<\/a> pentru a cere explica\u021bii \u0219i identificarea eventualilor responsabili. Cadrele medicale reafirm\u0103 \u00eens\u0103 c\u0103 suferin\u021ba nu poate fi alinat\u0103 prin acuza\u021bii nefondate, iar adev\u0103rul trebuie stabilit prin anchete obiective.<\/p>","protected":false},"excerpt":{"rendered":"<p>Reprezentan\u021bii organiza\u021biei fac apel la calm \u0219i responsabilitate, subliniind c\u0103 stabilirea vinov\u0103\u021biilor trebuie s\u0103 aib\u0103&hellip;<\/p>\n","protected":false},"author":0,"featured_media":56704,"comment_status":"open","ping_status":"open","sticky":false,"template":"","format":"standard","meta":{"footnotes":""},"categories":[2],"tags":[],"class_list":["post-56703","post","type-post","status-publish","format-standard","has-post-thumbnail","hentry","category-actual"],"_links":{"self":[{"href":"https:\/\/247stiri.ro\/index.php\/wp-json\/wp\/v2\/posts\/56703","targetHints":{"allow":["GET"]}}],"collection":[{"href":"https:\/\/247stiri.ro\/index.php\/wp-json\/wp\/v2\/posts"}],"about":[{"href":"https:\/\/247stiri.ro\/index.php\/wp-json\/wp\/v2\/types\/post"}],"replies":[{"embeddable":true,"href":"https:\/\/247stiri.ro\/index.php\/wp-json\/wp\/v2\/comments?post=56703"}],"version-history":[{"count":0,"href":"https:\/\/247stiri.ro\/index.php\/wp-json\/wp\/v2\/posts\/56703\/revisions"}],"wp:featuredmedia":[{"embeddable":true,"href":"https:\/\/247stiri.ro\/index.php\/wp-json\/wp\/v2\/media\/56704"}],"wp:attachment":[{"href":"https:\/\/247stiri.ro\/index.php\/wp-json\/wp\/v2\/media?parent=56703"}],"wp:term":[{"taxonomy":"category","embeddable":true,"href":"https:\/\/247stiri.ro\/index.php\/wp-json\/wp\/v2\/categories?post=56703"},{"taxonomy":"post_tag","embeddable":true,"href":"https:\/\/247stiri.ro\/index.php\/wp-json\/wp\/v2\/tags?post=56703"}],"curies":[{"name":"wp","href":"https:\/\/api.w.org\/{rel}","templated":true}]}}