{"id":56705,"date":"2026-01-07T16:45:52","date_gmt":"2026-01-07T16:45:52","guid":{"rendered":"https:\/\/247stiri.ro\/index.php\/2026\/01\/07\/primarul-sectorului-2-reactie-dupa-dezvaluirile-realitatea-plus-privind-taxele-mai-mari-gresit-calculate\/"},"modified":"2026-01-07T16:45:52","modified_gmt":"2026-01-07T16:45:52","slug":"primarul-sectorului-2-reactie-dupa-dezvaluirile-realitatea-plus-privind-taxele-mai-mari-gresit-calculate","status":"publish","type":"post","link":"https:\/\/247stiri.ro\/index.php\/2026\/01\/07\/primarul-sectorului-2-reactie-dupa-dezvaluirile-realitatea-plus-privind-taxele-mai-mari-gresit-calculate\/","title":{"rendered":"Primarul Sectorului 2, reac\u021bie dup\u0103 dezv\u0103luirile Realitatea Plus privind taxele mai mari gre\u0219it calculate"},"content":{"rendered":"<p>\u201eB\u00e2lb\u00e2iala Direc\u021biei Generale de Impozite \u0219i Taxe Sector 2, care a afi\u0219at sume diferite de plat\u0103 pentru contribuabili, este inacceptabil\u0103.\u00cemi cer scuze, \u00een numele institu\u021biei, fa\u021b\u0103 de cet\u0103\u021benii afecta\u021bi de aceast\u0103 situa\u021bie.Am cerut cercetarea disciplinar\u0103 a celor responsabili, iar m\u0103surile adoptate vor fi comunicate \u00een cel mai scurt timp.Procesul de calculare a fost finalizat \u0219i ar trebui s\u0103 nu mai existe sincope\u201e, scrie primarul Hopinc\u0103.\u00a0<a href=\"https:\/\/www.realitatea.net\/stiri\/actual\/batjocura-nationala-la-plata-impozitelor-dupa-ce-ca-sau-majorat-halucinant-multi-romani-au-primit-sume-gresit-calculate-foto_695e554938ee066ce771c0e9?fbclid=IwY2xjawPLYpBleHRuA2FlbQIxMABicmlkETFUVXQ1MGJYQXN3bEdneDZNc3J0YwZhcHBfaWQQMjIyMDM5MTc4ODIwMDg5MgABHqmq8LyaMuMG3u9wgn1rxvFFKItlkvCXDV94JKfqGikNXDPeEcwRt0Sj3kFm_aem_26-guJpPmoxXdOg-7jwcdg\" target=\"_blank\">Batjocur\u0103 na\u021bional\u0103 la plata impozitelor. Mul\u021bi rom\u00e2ni au primit sume eronate. O prim\u0103rie de sector sus\u021bine c\u0103 a lucrat \u00eenc\u0103 din 1 ianuarie<\/a><\/p>\n<p>Unii contribuabili au semnalat c\u0103 au pl\u0103tit sumele afi\u0219ate ini\u021bial, \u00eens\u0103 ulterior au constatat c\u0103 valorile au fost modificate \u0219i trebuie s\u0103 achite o diferen\u021b\u0103. Reprezentan\u021bii platformei sus\u021bin c\u0103 vina apar\u021bine direc\u021biilor din prim\u0103rii, care nu ar fi actualizat valorile sau calculele.<\/p>\n<p>\u00centr-o postare \u00eentr-un grup de Facebook din Sectorul 2, o femeie a ar\u0103tat dou\u0103 valori diferite ale obliga\u021biilor de plat\u0103, afi\u0219ate la doar o zi distan\u021b\u0103. Dup\u0103 ce a reverificat sumele, a constatat c\u0103 are de achitat cu 80 de lei \u00een plus.<\/p>\n\n<p>O situa\u021bie similar\u0103, tot \u00een Sectorul 2, a generat o diferen\u021b\u0103 suplimentar\u0103 de peste 70 de lei, ap\u0103rut\u0103 \u00een doar c\u00e2teva ore.<\/p>\n<p><a href=\"https:\/\/realitateafinanciara.net\/dubla-umilinta-pentru-oradeni-fostul-primar-bolojan-i-a-pricopsit-cu-o-majorare-uriasa-de-taxe-iar-primaria-sta-cu-ghiseele-inchise-pana-la-jumatatea-lunii\/\" target=\"_blank\">Dubl\u0103 umilin\u021b\u0103 pentru or\u0103deni. Fostul primar Bolojan i-a \u201epricopsit\u201d cu o majorare uria\u0219\u0103 de taxe, iar Prim\u0103ria st\u0103 cu ghi\u0219eele \u00eenchise p\u00e2n\u0103 la jum\u0103tatea lunii<\/a>\u00a0<\/p>\n<p>Prim\u0103ria sectorului 2: Procesul de calculare a taxelor \u0219i impozitelor locale fost desf\u0103\u0219urat \u00een perioada 1-6 ianuarie\u00a0\u00a0\u00a0<\/p>\n<p>\u00centr-o reac\u021bie publicat\u0103 pe re\u021belele de socializare, Prim\u0103ria Sectorului 2 a recunoscut c\u0103 au existat situa\u021bii \u00een care contribuabilii au vizualizat, ini\u021bial, valori intermediare, care ulterior au fost ref\u0103cute.<\/p>\n\n<p>Contactat de Realitatea Plus, pre\u0219edintele Autorit\u0103\u021bii pentru Digitalizarea Rom\u00e2niei a dat vina pe prim\u0103rii, sus\u021bin\u00e2nd c\u0103 acestea au transmis valori gre\u0219it calculate sau neactualizate la timp \u00een func\u021bie de noile cote.<\/p>\n<p>&#8222;Prim\u0103riile sau unit\u0103\u021bile administrativ-teritoriale, \u00een perioada asta, final de decembrie \u2013 \u00eenceput de ianuarie, \u0219i-au revizuit noile taxe \u00een sistemele proprii, aceste sisteme fiind interconectate cu platforma\u00a0ghiseul.ro.\u00a0. Au prezentat \u00een momente diferite dou\u0103 valori. Deci, practic, primele valori pe care le-au v\u0103zut au fost aferente anilor anteriori, iar noile valori sunt ca urmare a deciziilor luate la nivel de consilii locale.<\/p>\n<p>Datele de 1, 2, 3, poate p\u00e2n\u0103 \u00een 5, erau definite valorilor anilor anteriori, iar \u00eentre timp, dup\u0103 ce au revenit \u00een activitate, au revizuit valorile&#8221; a precizat Drago\u0219 Cristian Vlad.<\/p>\n\n<p>\u00a0<\/p>","protected":false},"excerpt":{"rendered":"<p>\u201eB\u00e2lb\u00e2iala Direc\u021biei Generale de Impozite \u0219i Taxe Sector 2, care a afi\u0219at sume diferite de&hellip;<\/p>\n","protected":false},"author":0,"featured_media":56700,"comment_status":"open","ping_status":"open","sticky":false,"template":"","format":"standard","meta":{"footnotes":""},"categories":[2],"tags":[],"class_list":["post-56705","post","type-post","status-publish","format-standard","has-post-thumbnail","hentry","category-actual"],"_links":{"self":[{"href":"https:\/\/247stiri.ro\/index.php\/wp-json\/wp\/v2\/posts\/56705","targetHints":{"allow":["GET"]}}],"collection":[{"href":"https:\/\/247stiri.ro\/index.php\/wp-json\/wp\/v2\/posts"}],"about":[{"href":"https:\/\/247stiri.ro\/index.php\/wp-json\/wp\/v2\/types\/post"}],"replies":[{"embeddable":true,"href":"https:\/\/247stiri.ro\/index.php\/wp-json\/wp\/v2\/comments?post=56705"}],"version-history":[{"count":0,"href":"https:\/\/247stiri.ro\/index.php\/wp-json\/wp\/v2\/posts\/56705\/revisions"}],"wp:featuredmedia":[{"embeddable":true,"href":"https:\/\/247stiri.ro\/index.php\/wp-json\/wp\/v2\/media\/56700"}],"wp:attachment":[{"href":"https:\/\/247stiri.ro\/index.php\/wp-json\/wp\/v2\/media?parent=56705"}],"wp:term":[{"taxonomy":"category","embeddable":true,"href":"https:\/\/247stiri.ro\/index.php\/wp-json\/wp\/v2\/categories?post=56705"},{"taxonomy":"post_tag","embeddable":true,"href":"https:\/\/247stiri.ro\/index.php\/wp-json\/wp\/v2\/tags?post=56705"}],"curies":[{"name":"wp","href":"https:\/\/api.w.org\/{rel}","templated":true}]}}