{"id":56719,"date":"2026-01-07T17:45:07","date_gmt":"2026-01-07T17:45:07","guid":{"rendered":"https:\/\/247stiri.ro\/index.php\/2026\/01\/07\/accident-feroviar-grav-un-tren-de-calatori-a-intrat-intr-un-tir\/"},"modified":"2026-01-07T17:45:07","modified_gmt":"2026-01-07T17:45:07","slug":"accident-feroviar-grav-un-tren-de-calatori-a-intrat-intr-un-tir","status":"publish","type":"post","link":"https:\/\/247stiri.ro\/index.php\/2026\/01\/07\/accident-feroviar-grav-un-tren-de-calatori-a-intrat-intr-un-tir\/","title":{"rendered":"Accident feroviar grav. Un tren de c\u0103l\u0103tori a intrat \u00eentr-un TIR"},"content":{"rendered":"<p>Cum s-a produs incidentul?<\/p>\n<p>Potrivit Companiei Na\u021bionale de C\u0103i Ferate CFR SA, evenimentul a avut loc \u00een jurul orei 16:56, pe raza Sucursalei Regionale de C\u0103i Ferate Bra\u0219ov. Impactul s-a produs la kilometrul 248+870, \u00eentr-o zon\u0103 unde trecerea la nivel este semnalizat\u0103 prin indicatoare rutiere.<\/p>\n<p><a href=\"https:\/\/www.realitatea.net\/stiri\/extern\/accident-feroviar-grav-in-mexic-cel-putin-13-persoane-siau-pierdut-viata-aproximativ-100-au-fost-ranite_69522968aafad420ea4d63e2\" target=\"_blank\">Trenul implicat<\/a> este InterRegio 1646, apar\u021bin\u00e2nd CFR C\u0103l\u0103tori, care se afla \u00een circula\u021bie pe acest sector de cale ferat\u0103 \u00een momentul coliziunii cu TIR-ul. Reprezentan\u021bii companiei feroviare au precizat c\u0103, din fericire, nicio persoan\u0103 nu a fost r\u0103nit\u0103.<\/p>\n<p>\u00cen urma accidentului, traficul feroviar a fost \u00eentrerupt pe tronsonul afectat, pentru a permite desf\u0103\u0219urarea interven\u021biilor necesare. Echipele de speciali\u0219ti ale Sucursalei Regionale CFR Bra\u0219ov au fost trimise la fa\u021ba locului pentru securizarea zonei, verificarea st\u0103rii infrastructurii \u0219i degajarea liniei.<\/p>\n<p><a href=\"https:\/\/www.realitatea.net\/stiri\/extern\/tragedie-feroviara-in-india-opt-morti-si-mai-multi-raniti-dupa-coliziunea-dintre-un-tren-de-pasageri-si-unul-de-marfa_690b25a3c9043b3013795782\" target=\"_blank\">Reluarea circula\u021bie<\/a>i va fi posibil\u0103 doar dup\u0103 finalizarea tuturor procedurilor de siguran\u021b\u0103 \u0219i confirmarea faptului c\u0103 traseul poate fi utilizat f\u0103r\u0103 riscuri. Autorit\u0103\u021bile urmeaz\u0103 s\u0103 stabileasc\u0103 \u00eemprejur\u0103rile exacte \u00een care s-a produs accidentul.<\/p>","protected":false},"excerpt":{"rendered":"<p>Cum s-a produs incidentul? Potrivit Companiei Na\u021bionale de C\u0103i Ferate CFR SA, evenimentul a avut&hellip;<\/p>\n","protected":false},"author":0,"featured_media":56720,"comment_status":"open","ping_status":"open","sticky":false,"template":"","format":"standard","meta":{"footnotes":""},"categories":[2],"tags":[],"class_list":["post-56719","post","type-post","status-publish","format-standard","has-post-thumbnail","hentry","category-actual"],"_links":{"self":[{"href":"https:\/\/247stiri.ro\/index.php\/wp-json\/wp\/v2\/posts\/56719","targetHints":{"allow":["GET"]}}],"collection":[{"href":"https:\/\/247stiri.ro\/index.php\/wp-json\/wp\/v2\/posts"}],"about":[{"href":"https:\/\/247stiri.ro\/index.php\/wp-json\/wp\/v2\/types\/post"}],"replies":[{"embeddable":true,"href":"https:\/\/247stiri.ro\/index.php\/wp-json\/wp\/v2\/comments?post=56719"}],"version-history":[{"count":0,"href":"https:\/\/247stiri.ro\/index.php\/wp-json\/wp\/v2\/posts\/56719\/revisions"}],"wp:featuredmedia":[{"embeddable":true,"href":"https:\/\/247stiri.ro\/index.php\/wp-json\/wp\/v2\/media\/56720"}],"wp:attachment":[{"href":"https:\/\/247stiri.ro\/index.php\/wp-json\/wp\/v2\/media?parent=56719"}],"wp:term":[{"taxonomy":"category","embeddable":true,"href":"https:\/\/247stiri.ro\/index.php\/wp-json\/wp\/v2\/categories?post=56719"},{"taxonomy":"post_tag","embeddable":true,"href":"https:\/\/247stiri.ro\/index.php\/wp-json\/wp\/v2\/tags?post=56719"}],"curies":[{"name":"wp","href":"https:\/\/api.w.org\/{rel}","templated":true}]}}