{"id":5672,"date":"2024-11-08T10:44:49","date_gmt":"2024-11-08T10:44:49","guid":{"rendered":"https:\/\/247stiri.ro\/index.php\/2024\/11\/08\/ciolacu-discutie-cu-studentii-universitatii-tehnice-din-cluj-nu-as-vrea-sa-plecati-in-strainatate-sa-fiti-platiti-sub-capacitatea-voastra\/"},"modified":"2024-11-08T10:44:49","modified_gmt":"2024-11-08T10:44:49","slug":"ciolacu-discutie-cu-studentii-universitatii-tehnice-din-cluj-nu-as-vrea-sa-plecati-in-strainatate-sa-fiti-platiti-sub-capacitatea-voastra","status":"publish","type":"post","link":"https:\/\/247stiri.ro\/index.php\/2024\/11\/08\/ciolacu-discutie-cu-studentii-universitatii-tehnice-din-cluj-nu-as-vrea-sa-plecati-in-strainatate-sa-fiti-platiti-sub-capacitatea-voastra\/","title":{"rendered":"Ciolacu, discu\u021bie cu studen\u021bii Universit\u0103\u021bii Tehnice din Cluj: \u201eNu a\u0219 vrea s\u0103 pleca\u021bi \u00een str\u0103in\u0103tate, s\u0103 fi\u021bi pl\u0103ti\u021bi sub capacitatea voastr\u0103\u201d"},"content":{"rendered":"<p><a href=\"https:\/\/www.realitatea.net\/stiri\/actual\/ciolacu-toata-lumea-vorbeste-de-deficitul-din-pib-dupa-agricultura-si-fotbal-devenim-specialisti-si-in-deficit_672de87d39a17833930ca5e3\" target=\"_blank\" rel=\"noopener\">Marcel Ciolacu<\/a> a spus c\u0103 statul deja investe\u0219te \u00een c\u0103mine moderne, dup\u0103 cum \u00ee\u0219i doresc studen\u021bii. Liderul PSD a mai precizat c\u0103 va continua<\/p>\n<p>\u201eEu cred c\u0103 treaba mea e s\u0103 investesc \u00een infrastructur\u0103. E clar, e acea nenorocire de 30 de ani cu c\u0103minele studen\u021be\u0219ti. Cred \u00een \u00eenv\u0103\u021b\u0103m\u00e2ntul dual \u0219i \u00een\u00a0\u00eenv\u0103\u021b\u0103m\u00e2ntul tehnic.\u00a0Provoc\u0103rile, \u00een urm\u0103torii ani, vor fi \u00een aceast\u0103 zon\u0103. \u00cen cinci ani se schimb\u0103 50% din ce \u0219tiu.<\/p>\n<p><a href=\"https:\/\/www.realitatea.net\/stiri\/actual\/ciolacu-toata-lumea-vorbeste-de-deficitul-din-pib-dupa-agricultura-si-fotbal-devenim-specialisti-si-in-deficit_672de87d39a17833930ca5e3\" target=\"_blank\" rel=\"noopener\">Ciolacu: \u201eToat\u0103 lumea vorbe\u015fte de deficitul din PIB. Dup\u0103 agricultur\u0103 \u015fi fotbal, devenim speciali\u015fti \u015fi \u00een deficit\u201d<\/a><\/p>\n<p>Singurul liant \u00eentre noi \u0219i schimb\u0103ri sunte\u021bi voi, deci un stat f\u0103r\u0103 voi, care a\u021bi crescut cu aceste schimb\u0103ri, e mort \u0219i atunci nu a\u0219 vrea s\u0103 pleca\u021bi \u00een str\u0103in\u0103tate, s\u0103 fi\u021bi pl\u0103ti\u021bi sub capacitatea voastr\u0103. Eu a\u0219 vrea s\u0103 r\u0103m\u00e2ne\u021bi \u00een \u021bar\u0103 c\u00e2t mai mul\u021bi dintre voi\u201d, le-a spus Ciolacu studen\u021bilor.<\/p>\n<p>Ciolacu, \u00eent\u00e2lnire cu studen\u021bii Universit\u0103\u021bii Tehnice din Cluj<\/p>\n<p>\u201eAm discutat azi (joi \u2013 n.r.), direct \u0219i la obiect, cu studen\u021bii Universit\u0103\u021bii Tehnice din Cluj, despre ce \u00ee\u0219i doresc s\u0103 fac\u0103 statul rom\u00e2n pentru ca ei s\u0103 poat\u0103 \u00eenv\u0103\u021ba mai bine, s\u0103 poat\u0103 acumula cuno\u0219tin\u021bele care chiar conteaz\u0103 \u00een economie \u0219i de ce au nevoie pentru a-\u0219i putea face un rost aici, \u00een Rom\u00e2nia!<\/p>\n<p>Mi-au spus despre necesitatea ca Rom\u00e2nia s\u0103 construiasc\u0103 ni\u0219te c\u0103mine moderne, de urgen\u021ba digitaliz\u0103rii universit\u0103\u021bilor \u0219i apari\u021bia unor mari biblioteci virtuale sau despre stagii de practic\u0103 la companii de renume.<\/p>\n<p>Este exact ce am \u00eenceput s\u0103 facem \u00een ultimele luni, c\u00e2nd am aprobat mai multe proiecte guvernamentale de modernizare a unor c\u0103mine studen\u021be\u0219ti \u0219i am alocat fonduri mai mari pentru a accelera dotarea cu reurse digitale.<\/p>\n<p>Voi continu\u0103 s\u0103 m\u0103 \u00eent\u00e2lnesc cu studen\u021bii din marile centre universitare \u2013 \u0219i chiar s\u0103-mi iau noti\u021be de la aceste discu\u021bii \ud83d\ude0a \u2013 ca s\u0103 \u0219tiu exact care sunt a\u0219tept\u0103rile lor \u0219i ce ac\u021biuni trebuie realizate \u00een regim de urgen\u021b\u0103!<\/p>\n<p>Pentru c\u0103 acest dialog permanent cu tinerii no\u0219tri talenta\u021bi este #calea sigur\u0103 pentru a dezvolta Rom\u00e2nia!\u201d, a mai transmis Marcel Ciolacu, pe Facebook.<\/p>\n\n<p>CMF: 31240010<\/p>","protected":false},"excerpt":{"rendered":"<p>Marcel Ciolacu a spus c\u0103 statul deja investe\u0219te \u00een c\u0103mine moderne, dup\u0103 cum \u00ee\u0219i doresc&hellip;<\/p>\n","protected":false},"author":0,"featured_media":5663,"comment_status":"open","ping_status":"open","sticky":false,"template":"","format":"standard","meta":{"footnotes":""},"categories":[2],"tags":[],"class_list":["post-5672","post","type-post","status-publish","format-standard","has-post-thumbnail","hentry","category-actual"],"_links":{"self":[{"href":"https:\/\/247stiri.ro\/index.php\/wp-json\/wp\/v2\/posts\/5672","targetHints":{"allow":["GET"]}}],"collection":[{"href":"https:\/\/247stiri.ro\/index.php\/wp-json\/wp\/v2\/posts"}],"about":[{"href":"https:\/\/247stiri.ro\/index.php\/wp-json\/wp\/v2\/types\/post"}],"replies":[{"embeddable":true,"href":"https:\/\/247stiri.ro\/index.php\/wp-json\/wp\/v2\/comments?post=5672"}],"version-history":[{"count":0,"href":"https:\/\/247stiri.ro\/index.php\/wp-json\/wp\/v2\/posts\/5672\/revisions"}],"wp:featuredmedia":[{"embeddable":true,"href":"https:\/\/247stiri.ro\/index.php\/wp-json\/wp\/v2\/media\/5663"}],"wp:attachment":[{"href":"https:\/\/247stiri.ro\/index.php\/wp-json\/wp\/v2\/media?parent=5672"}],"wp:term":[{"taxonomy":"category","embeddable":true,"href":"https:\/\/247stiri.ro\/index.php\/wp-json\/wp\/v2\/categories?post=5672"},{"taxonomy":"post_tag","embeddable":true,"href":"https:\/\/247stiri.ro\/index.php\/wp-json\/wp\/v2\/tags?post=5672"}],"curies":[{"name":"wp","href":"https:\/\/api.w.org\/{rel}","templated":true}]}}