{"id":5673,"date":"2024-11-08T10:44:49","date_gmt":"2024-11-08T10:44:49","guid":{"rendered":"https:\/\/247stiri.ro\/index.php\/2024\/11\/08\/ciolacu-toata-lumea-vorbeste-de-deficitul-din-pib-dupa-agricultura-si-fotbal-devenim-specialisti-si-in-deficit\/"},"modified":"2024-11-08T10:44:49","modified_gmt":"2024-11-08T10:44:49","slug":"ciolacu-toata-lumea-vorbeste-de-deficitul-din-pib-dupa-agricultura-si-fotbal-devenim-specialisti-si-in-deficit","status":"publish","type":"post","link":"https:\/\/247stiri.ro\/index.php\/2024\/11\/08\/ciolacu-toata-lumea-vorbeste-de-deficitul-din-pib-dupa-agricultura-si-fotbal-devenim-specialisti-si-in-deficit\/","title":{"rendered":"Ciolacu: \u201eToat\u0103 lumea vorbe\u015fte de deficitul din PIB. Dup\u0103 agricultur\u0103 \u015fi fotbal, devenim speciali\u015fti \u015fi \u00een deficit\u201d"},"content":{"rendered":"<p>Marcel Ciolacu a fost prezent, vineri, la inaugurarea fabricii Opal-Teraplast Bistri\u0163a.\u00a0\u201d\u200aEste acel moment c\u00e2nd m\u0103 bucur c\u0103 mi se iau bani. Nu e primul ajutor de stat pe care l-a accesat Teraplast la aproape 100 de milioane de euro investi\u0163i \u00een ultima perioad\u0103, a accesat \u00een jur de 22 de milioane ajutoare de stat. Toat\u0103 lumea vorbe\u015fte de deficitul din PIB.\u00a0<a href=\"https:\/\/www.realitatea.net\/stiri\/actual\/ciolacu-a-facut-anuntul-cand-intra-romania-in-schengen-va-fi-exact-ca-la-aerian_672c744f2f012e232a41bf02\" target=\"_blank\" rel=\"noopener\">Ciolacu a f\u0103cut anun\u021bul. C\u00e2nd intr\u0103 Rom\u00e2nia \u00een Schengen: \u201eVa fi exact ca la aerian\u201d<\/a>Toat\u0103 lumea a devenit specialist\u0103. E un lucru foarte bun, c\u0103 dup\u0103 agricultura \u015fi fotbal devenim speciali\u015fti \u015fi \u00een deficit. Din punctul meu de vedere cea mai mare provocare este deficitul comercial. \u015ei aici trebuie s\u0103 intervenim \u015fi prin micro-management, fiindc\u0103 asta facem, trebuie s\u0103 vedem care sunt produsele \u015fi materialele pe care le import\u0103 Rom\u00e2nia \u015fi statul trebuie s\u0103 vin\u0103 cu scheme de ajutor de stat, cu ghiduri pentru fondurile europene, focalizat pe acest lucru\u201d, a afirmat Marcel Ciolacu.\u00a0\u00a0El s-a referit apoi la un plan de \u0163ar\u0103 care trebuie urm\u0103rit indiferent de disputele politice.\u00a0\u00a0\u201dDe fapt noi vorbim de un plan. (&#8230;) Un plan pornit c\u00e2nd am aderat la Uniunea European\u0103 \u015fi trebuie s\u0103 \u00een\u0163elegem o dat\u0103 pentru totdeauna campaniile electorale \u015fi disputele politice vin \u015fi pleac\u0103 \u015fi s\u0103 \u00een\u0163elegem c\u0103 trebuie un consens minim pe un plan de \u0163ar\u0103 \u015fi pe o direc\u0163ie a Rom\u00e2niei. Dac\u0103 vrem s\u0103 ne dezvolt\u0103m uniform, s\u0103 \u0163inem cont de to\u0163i rom\u00e2nii, s\u0103 nu mai facem diferen\u0163e \u015fi eu cred c\u0103 \u00een acest moment \u00een lume \u015fi mai ales \u00een Europa, care a pl\u0103tit cea mai mare factur\u0103 a r\u0103zboiului pornit total incorect de Federa\u0163ia Rus\u0103 \u00een Ucraina, cea mai mare factur\u0103 pl\u0103tit\u0103 \u015fi care a afectat nivelul de trai al europenilor, eu cred c\u0103 avem nevoie de acest plan de \u0163ar\u0103 pe care s\u0103-l respect\u0103m \u015fi trebuie s\u0103 \u00een\u0163elegem c\u0103 ideologia nu conteaz\u0103. Urm\u0103torii ani \u00eenseamn\u0103 dezvoltare \u015fi \u00eenseamn\u0103 economie\u201d, a explicat premierul.\u00a0El a mai declarat c\u0103 Rom\u00e2nia nu trebuie s\u0103 piard\u0103 acest ultim tren de dezvoltare, prin PNRR.\u00a0\u201dDac\u0103 \u00een\u0163elegem aceste lucruri, nu vom pierde acest ultim tren de dezvoltare a Rom\u00e2niei, prin PNRR \u015fi aici \u00een PNRR tot timpul suntem cumva tenta\u0163i s\u0103 vorbim de bani, dar PNRR-ul, de fapt \u00een esen\u0163a lui, \u00eenseamn\u0103 reforme. Banii vin \u00een urma reformelor pentru c\u0103 chiar dac\u0103 te dezvol\u0163i, dac\u0103 nu aplici reforme aceast\u0103 dezvoltare este sustenabil\u0103 pe o perioad\u0103 scurt\u0103 de timp, atunci c\u00e2nd faci investi\u0163iile \u015fi \u00ee\u0163i vin imediat \u00een bugetul de stat\u201d, a mai transmis Marcel Ciolacu.<\/p>","protected":false},"excerpt":{"rendered":"<p>Marcel Ciolacu a fost prezent, vineri, la inaugurarea fabricii Opal-Teraplast Bistri\u0163a.\u00a0\u201d\u200aEste acel moment c\u00e2nd m\u0103&hellip;<\/p>\n","protected":false},"author":0,"featured_media":5665,"comment_status":"open","ping_status":"open","sticky":false,"template":"","format":"standard","meta":{"footnotes":""},"categories":[2],"tags":[],"class_list":["post-5673","post","type-post","status-publish","format-standard","has-post-thumbnail","hentry","category-actual"],"_links":{"self":[{"href":"https:\/\/247stiri.ro\/index.php\/wp-json\/wp\/v2\/posts\/5673","targetHints":{"allow":["GET"]}}],"collection":[{"href":"https:\/\/247stiri.ro\/index.php\/wp-json\/wp\/v2\/posts"}],"about":[{"href":"https:\/\/247stiri.ro\/index.php\/wp-json\/wp\/v2\/types\/post"}],"replies":[{"embeddable":true,"href":"https:\/\/247stiri.ro\/index.php\/wp-json\/wp\/v2\/comments?post=5673"}],"version-history":[{"count":0,"href":"https:\/\/247stiri.ro\/index.php\/wp-json\/wp\/v2\/posts\/5673\/revisions"}],"wp:featuredmedia":[{"embeddable":true,"href":"https:\/\/247stiri.ro\/index.php\/wp-json\/wp\/v2\/media\/5665"}],"wp:attachment":[{"href":"https:\/\/247stiri.ro\/index.php\/wp-json\/wp\/v2\/media?parent=5673"}],"wp:term":[{"taxonomy":"category","embeddable":true,"href":"https:\/\/247stiri.ro\/index.php\/wp-json\/wp\/v2\/categories?post=5673"},{"taxonomy":"post_tag","embeddable":true,"href":"https:\/\/247stiri.ro\/index.php\/wp-json\/wp\/v2\/tags?post=5673"}],"curies":[{"name":"wp","href":"https:\/\/api.w.org\/{rel}","templated":true}]}}