{"id":5674,"date":"2024-11-08T10:44:49","date_gmt":"2024-11-08T10:44:49","guid":{"rendered":"https:\/\/247stiri.ro\/index.php\/2024\/11\/08\/ionut-dolanescu-din-nou-prin-tribunale-cu-cine-se-judeca-de-aceasta-data-artistul\/"},"modified":"2024-11-08T10:44:49","modified_gmt":"2024-11-08T10:44:49","slug":"ionut-dolanescu-din-nou-prin-tribunale-cu-cine-se-judeca-de-aceasta-data-artistul","status":"publish","type":"post","link":"https:\/\/247stiri.ro\/index.php\/2024\/11\/08\/ionut-dolanescu-din-nou-prin-tribunale-cu-cine-se-judeca-de-aceasta-data-artistul\/","title":{"rendered":"Ionu\u021b Dol\u0103nescu, din nou prin tribunale. Cu cine se judec\u0103 de aceast\u0103 dat\u0103 artistul?"},"content":{"rendered":"<p>Apar noi detalii \u00een procesul lui Ionu\u021b Dol\u0103nescu. Artistul trece din nou prin momente tensionate din cauza imobilului mo\u0219tenit de la celebrul s\u0103u tat\u0103, Ion Dol\u0103nescu. Vecinii l-au dat \u00een judecat\u0103 pe artist dup\u0103 ce el a renovat casa, iar motivul este unul halucinant.<\/p>\n<p>Vecinii lui Ionu\u021b Dol\u0103nescu cer \u00een instan\u021b\u0103 anularea unei autoriza\u021bii de construc\u021bii, dup\u0103 ce solistul a transformat podul casei \u00een mansard\u0103 locuibil\u0103. Locuitorii din blocul vecin reclam\u0103 c\u0103 odat\u0103 cu \u00een\u0103l\u021barea imobilului, lumina nu mai ajunge \u00een apartamentele lor. Astfel, spun ace\u0219tia, \u0219i valoarea apartamentelor ar fi sc\u0103zut cu 100.000 de euro.<\/p>\n<p>La ultimul termen, reclaman\u021bilor li s-a cerut s\u0103 achite taxele de timbru, altfel cererea lor va fi anulat\u0103. \u00cen replic\u0103, Ionu\u021b Dol\u0103nescu sus\u021bine c\u0103 nu a \u00eenal\u021bat casa, ci doar a amenajat mansarda. \u201dEu nu am f\u0103cut un etaj ci doar am renovat. Culmea este c\u0103 umbra este pe casa mea, deci ar trebui s\u0103 m\u0103 pl\u00e2ng eu de lumin\u0103, mai ales c\u0103 blocul are 4 etaje \u0219i este mai \u00eenalt dec\u00e2t casa mea\u201d, a spus artistul.<\/p>\n<p>C\u00e2nt\u0103re\u021bul s-a luptat ani la r\u00e2nd cu fratele s\u0103u, Drago\u0219, pentru casa \u00een care celebrul lor tat\u0103 a locuit 40 de ani. Pentru a intra \u00een posesia locuin\u021bei, Ionu\u021b Dol\u0103nescu a fost nevoit s\u0103 \u00eei pl\u0103teasc\u0103 fratelui s\u0103u 100.000 de euro. Recent, Drago\u0219 Dol\u0103nescu i-a repro\u0219at solistului c\u0103 nu a transformat casa \u00een muzeu, a\u0219a cum i-ar fi promis.\u00a0<\/p>\n<p><a href=\"https:\/\/www.realitatea.net\/stiri\/monden\/mihaela-borcea-se-marita-dupa-13-ani-de-la-divortul-de-cristi-borcea_672de271b877e04f956266e7\">Mihaela Borcea se m\u0103rit\u0103, dup\u0103 13 ani de la divor\u021bul de Cristi Borcea<\/a><\/p>\n<p>\u00a0<\/p>","protected":false},"excerpt":{"rendered":"<p>Apar noi detalii \u00een procesul lui Ionu\u021b Dol\u0103nescu. Artistul trece din nou prin momente tensionate&hellip;<\/p>\n","protected":false},"author":0,"featured_media":5657,"comment_status":"open","ping_status":"open","sticky":false,"template":"","format":"standard","meta":{"footnotes":""},"categories":[2],"tags":[],"class_list":["post-5674","post","type-post","status-publish","format-standard","has-post-thumbnail","hentry","category-actual"],"_links":{"self":[{"href":"https:\/\/247stiri.ro\/index.php\/wp-json\/wp\/v2\/posts\/5674","targetHints":{"allow":["GET"]}}],"collection":[{"href":"https:\/\/247stiri.ro\/index.php\/wp-json\/wp\/v2\/posts"}],"about":[{"href":"https:\/\/247stiri.ro\/index.php\/wp-json\/wp\/v2\/types\/post"}],"replies":[{"embeddable":true,"href":"https:\/\/247stiri.ro\/index.php\/wp-json\/wp\/v2\/comments?post=5674"}],"version-history":[{"count":0,"href":"https:\/\/247stiri.ro\/index.php\/wp-json\/wp\/v2\/posts\/5674\/revisions"}],"wp:featuredmedia":[{"embeddable":true,"href":"https:\/\/247stiri.ro\/index.php\/wp-json\/wp\/v2\/media\/5657"}],"wp:attachment":[{"href":"https:\/\/247stiri.ro\/index.php\/wp-json\/wp\/v2\/media?parent=5674"}],"wp:term":[{"taxonomy":"category","embeddable":true,"href":"https:\/\/247stiri.ro\/index.php\/wp-json\/wp\/v2\/categories?post=5674"},{"taxonomy":"post_tag","embeddable":true,"href":"https:\/\/247stiri.ro\/index.php\/wp-json\/wp\/v2\/tags?post=5674"}],"curies":[{"name":"wp","href":"https:\/\/api.w.org\/{rel}","templated":true}]}}