{"id":56749,"date":"2026-01-07T20:45:19","date_gmt":"2026-01-07T20:45:19","guid":{"rendered":"https:\/\/247stiri.ro\/index.php\/2026\/01\/07\/revolta-romanilor-care-primesc-mizerie-la-robinet-de-luni-intregi-apa-neagra-facturata-la-pret-de-apa-potabila\/"},"modified":"2026-01-07T20:45:19","modified_gmt":"2026-01-07T20:45:19","slug":"revolta-romanilor-care-primesc-mizerie-la-robinet-de-luni-intregi-apa-neagra-facturata-la-pret-de-apa-potabila","status":"publish","type":"post","link":"https:\/\/247stiri.ro\/index.php\/2026\/01\/07\/revolta-romanilor-care-primesc-mizerie-la-robinet-de-luni-intregi-apa-neagra-facturata-la-pret-de-apa-potabila\/","title":{"rendered":"Revolta rom\u00e2nilor care primesc mizerie la robinet de luni \u00eentregi. Apa neagr\u0103, facturat\u0103 la pre\u021b de ap\u0103 potabil\u0103"},"content":{"rendered":"<p><a href=\"https:\/\/www.realitatea.net\/stiri\/actual\/apa-care-curge-la-robinetele-oamenilor-din-prahova-nu-este-inca-potabila_693a6ffa523d96005900a759\" target=\"_blank\">Zeci de oameni<\/a> nu pot s\u0103 bea, s\u0103 g\u0103teasc\u0103 sau s\u0103 se spele, dar sunt obliga\u021bi s\u0103 pl\u0103teasc\u0103 pentru un serviciu de care nici nu beneficiaz\u0103. Autorit\u0103\u021bile nu au dat \u00eenc\u0103 o solu\u021bie clar\u0103.<\/p>\n<p>Ap\u0103 neagr\u0103 la robinet, \u00een Arge\u0219<\/p>\n<p>Aceasta este situa\u0163ia de care se lovesc, zi de zi, aproape 40.000 de locuitori din Curtea de Arge\u0219. Oamenii spun c\u0103 primesc ap\u0103 murdar\u0103, plin\u0103 de nisip, imposibil de folosit. Cu toate acestea, apa este facturat\u0103 la pre\u021bul celei potabile.<\/p>\n<p><a href=\"https:\/\/www.realitatea.net\/stiri\/actual\/locuitorii-din-campina-se-trezesc-cu-vietuitoare-ciudate-in-apa-de-la-robinet-video_693594743666a602c0585a73\" target=\"_blank\">Situa\u021bia a st\u00e2rnit furie<\/a> \u00een r\u00e2ndul oamenilor. Ace\u0219tia acuz\u0103 autorit\u0103\u021bile locale de lips\u0103 de transparen\u021b\u0103 \u0219i de ineficien\u021b\u0103 \u00een rezolvarea problemei. Ei cer urgent corectarea tarifelor \u0219i g\u0103sirea unei solu\u021bii pentru a putea avea acces la ap\u0103 curat\u0103, a\u0219a cum pl\u0103tesc.<\/p>","protected":false},"excerpt":{"rendered":"<p>Zeci de oameni nu pot s\u0103 bea, s\u0103 g\u0103teasc\u0103 sau s\u0103 se spele, dar sunt&hellip;<\/p>\n","protected":false},"author":0,"featured_media":56750,"comment_status":"open","ping_status":"open","sticky":false,"template":"","format":"standard","meta":{"footnotes":""},"categories":[2],"tags":[],"class_list":["post-56749","post","type-post","status-publish","format-standard","has-post-thumbnail","hentry","category-actual"],"_links":{"self":[{"href":"https:\/\/247stiri.ro\/index.php\/wp-json\/wp\/v2\/posts\/56749","targetHints":{"allow":["GET"]}}],"collection":[{"href":"https:\/\/247stiri.ro\/index.php\/wp-json\/wp\/v2\/posts"}],"about":[{"href":"https:\/\/247stiri.ro\/index.php\/wp-json\/wp\/v2\/types\/post"}],"replies":[{"embeddable":true,"href":"https:\/\/247stiri.ro\/index.php\/wp-json\/wp\/v2\/comments?post=56749"}],"version-history":[{"count":0,"href":"https:\/\/247stiri.ro\/index.php\/wp-json\/wp\/v2\/posts\/56749\/revisions"}],"wp:featuredmedia":[{"embeddable":true,"href":"https:\/\/247stiri.ro\/index.php\/wp-json\/wp\/v2\/media\/56750"}],"wp:attachment":[{"href":"https:\/\/247stiri.ro\/index.php\/wp-json\/wp\/v2\/media?parent=56749"}],"wp:term":[{"taxonomy":"category","embeddable":true,"href":"https:\/\/247stiri.ro\/index.php\/wp-json\/wp\/v2\/categories?post=56749"},{"taxonomy":"post_tag","embeddable":true,"href":"https:\/\/247stiri.ro\/index.php\/wp-json\/wp\/v2\/tags?post=56749"}],"curies":[{"name":"wp","href":"https:\/\/api.w.org\/{rel}","templated":true}]}}