{"id":56797,"date":"2026-01-08T06:47:10","date_gmt":"2026-01-08T06:47:10","guid":{"rendered":"https:\/\/247stiri.ro\/index.php\/2026\/01\/08\/alerta-de-vreme-extrema-in-judetul-suceava-mesaj-de-avertizare-trimis-de-prefectura-video\/"},"modified":"2026-01-08T06:47:10","modified_gmt":"2026-01-08T06:47:10","slug":"alerta-de-vreme-extrema-in-judetul-suceava-mesaj-de-avertizare-trimis-de-prefectura-video","status":"publish","type":"post","link":"https:\/\/247stiri.ro\/index.php\/2026\/01\/08\/alerta-de-vreme-extrema-in-judetul-suceava-mesaj-de-avertizare-trimis-de-prefectura-video\/","title":{"rendered":"Alert\u0103 de vreme extrem\u0103 \u00een jude\u021bul Suceava. Mesaj de avertizare trimis de prefectur\u0103 &#8211; VIDEO"},"content":{"rendered":"<p>Autorit\u0103\u021bile recomand\u0103 locuitorilor s\u0103 evite deplas\u0103rile care nu sunt strict necesare, av\u00e2nd \u00een vedere condi\u021biile dificile de trafic \u0219i vizibilitatea redus\u0103. \u201e\u00cen situa\u021biile \u00een care deplasarea este absolut indispensabil\u0103, \u00eei rug\u0103m pe to\u021bi participan\u021bii la trafic s\u0103 manifeste maxim\u0103 pruden\u021b\u0103 \u0219i vigilen\u021b\u0103, adapt\u00e2nd viteza \u0219i conduita la condi\u021biile de drum\u201d, se arat\u0103 \u00een comunicatul prefecturii.<\/p>\n<p>Potrivit informa\u021biilor oficiale, toate utilajele de desz\u0103pezire sunt mobilizate \u00een teren \u0219i ac\u021bioneaz\u0103 la capacitate maxim\u0103. Prefectura subliniaz\u0103 c\u0103 nu exist\u0103 utilaje retrase sau inactive, iar \u00een ciuda intensit\u0103\u021bii ninsorilor, niciun drum din jude\u021b nu este \u00eenchis circula\u021biei la aceast\u0103 or\u0103.<\/p>\n<p>Autorit\u0103\u021bile atrag aten\u021bia c\u0103 blocajele \u00een trafic pot afecta ritmul interven\u021biilor \u0219i pot \u00eent\u00e2rzia ac\u021biunile de desz\u0103pezire. Din acest motiv, popula\u021bia este rugat\u0103 s\u0103 limiteze deplas\u0103rile la cele strict necesare p\u00e2n\u0103 la ameliorarea vremii.<\/p>\n<p>Institu\u021bia Prefectului anun\u021b\u0103 c\u0103 monitorizeaz\u0103 permanent situa\u021bia din teren \u0219i coordoneaz\u0103 activitatea structurilor implicate pentru ca interven\u021biile s\u0103 se desf\u0103\u0219oare f\u0103r\u0103 sincope \u0219i \u00een condi\u021bii de siguran\u021b\u0103 pentru cet\u0103\u021beni.<\/p>","protected":false},"excerpt":{"rendered":"<p>Autorit\u0103\u021bile recomand\u0103 locuitorilor s\u0103 evite deplas\u0103rile care nu sunt strict necesare, av\u00e2nd \u00een vedere condi\u021biile&hellip;<\/p>\n","protected":false},"author":0,"featured_media":56798,"comment_status":"open","ping_status":"open","sticky":false,"template":"","format":"standard","meta":{"footnotes":""},"categories":[2],"tags":[],"class_list":["post-56797","post","type-post","status-publish","format-standard","has-post-thumbnail","hentry","category-actual"],"_links":{"self":[{"href":"https:\/\/247stiri.ro\/index.php\/wp-json\/wp\/v2\/posts\/56797","targetHints":{"allow":["GET"]}}],"collection":[{"href":"https:\/\/247stiri.ro\/index.php\/wp-json\/wp\/v2\/posts"}],"about":[{"href":"https:\/\/247stiri.ro\/index.php\/wp-json\/wp\/v2\/types\/post"}],"replies":[{"embeddable":true,"href":"https:\/\/247stiri.ro\/index.php\/wp-json\/wp\/v2\/comments?post=56797"}],"version-history":[{"count":0,"href":"https:\/\/247stiri.ro\/index.php\/wp-json\/wp\/v2\/posts\/56797\/revisions"}],"wp:featuredmedia":[{"embeddable":true,"href":"https:\/\/247stiri.ro\/index.php\/wp-json\/wp\/v2\/media\/56798"}],"wp:attachment":[{"href":"https:\/\/247stiri.ro\/index.php\/wp-json\/wp\/v2\/media?parent=56797"}],"wp:term":[{"taxonomy":"category","embeddable":true,"href":"https:\/\/247stiri.ro\/index.php\/wp-json\/wp\/v2\/categories?post=56797"},{"taxonomy":"post_tag","embeddable":true,"href":"https:\/\/247stiri.ro\/index.php\/wp-json\/wp\/v2\/tags?post=56797"}],"curies":[{"name":"wp","href":"https:\/\/api.w.org\/{rel}","templated":true}]}}