{"id":56822,"date":"2026-01-08T07:45:33","date_gmt":"2026-01-08T07:45:33","guid":{"rendered":"https:\/\/247stiri.ro\/index.php\/2026\/01\/08\/ambasada-sua-de-la-bucuresti-mesaj-de-forta-in-numele-presedintelui-trump-perioada-slabiciunii-a-luat-sfarsit\/"},"modified":"2026-01-08T07:45:33","modified_gmt":"2026-01-08T07:45:33","slug":"ambasada-sua-de-la-bucuresti-mesaj-de-forta-in-numele-presedintelui-trump-perioada-slabiciunii-a-luat-sfarsit","status":"publish","type":"post","link":"https:\/\/247stiri.ro\/index.php\/2026\/01\/08\/ambasada-sua-de-la-bucuresti-mesaj-de-forta-in-numele-presedintelui-trump-perioada-slabiciunii-a-luat-sfarsit\/","title":{"rendered":"Ambasada SUA de la Bucure\u0219ti, mesaj de for\u021b\u0103 \u00een numele pre\u0219edintelui Trump: Perioada sl\u0103biciunii a luat sf\u00e2r\u0219it"},"content":{"rendered":"<p>Potrivit comunicatului, pre\u0219edintele Trump \u201eac\u021bioneaz\u0103 ferm pentru a preveni transformarea emisferei vestice \u00eentr-un refugiu pentru trafican\u021bii de droguri, agen\u021bii iranieni \u0219i regimurile ostile care amenin\u021b\u0103 securitatea na\u021bional\u0103 a Statelor Unite\u201d.<\/p>\n<p>Mesajul continu\u0103 cu o formulare categoric\u0103, menit\u0103 s\u0103 transmit\u0103 determinarea administra\u021biei americane: \u201ePerioada sl\u0103biciunii a luat sf\u00e2r\u0219it. Vom folosi toate instrumentele disponibile pentru a elimina aceste amenin\u021b\u0103ri din vecin\u0103tatea noastr\u0103.\u201d<\/p>\n<p>Declara\u021bia se \u00eenscrie \u00een linia pozi\u021biilor ferme adoptate de Washington \u00een ultimele luni, \u00een contextul intensific\u0103rii tensiunilor geopolitice \u0219i al preocup\u0103rilor legate de securitatea regional\u0103. Ambasada SUA nu a oferit detalii suplimentare privind eventuale m\u0103suri concrete, \u00eens\u0103 mesajul sugereaz\u0103 o consolidare a politicilor de descurajare \u0219i control \u00een zona Americilor.<\/p>","protected":false},"excerpt":{"rendered":"<p>Potrivit comunicatului, pre\u0219edintele Trump \u201eac\u021bioneaz\u0103 ferm pentru a preveni transformarea emisferei vestice \u00eentr-un refugiu pentru&hellip;<\/p>\n","protected":false},"author":0,"featured_media":56807,"comment_status":"open","ping_status":"open","sticky":false,"template":"","format":"standard","meta":{"footnotes":""},"categories":[2],"tags":[],"class_list":["post-56822","post","type-post","status-publish","format-standard","has-post-thumbnail","hentry","category-actual"],"_links":{"self":[{"href":"https:\/\/247stiri.ro\/index.php\/wp-json\/wp\/v2\/posts\/56822","targetHints":{"allow":["GET"]}}],"collection":[{"href":"https:\/\/247stiri.ro\/index.php\/wp-json\/wp\/v2\/posts"}],"about":[{"href":"https:\/\/247stiri.ro\/index.php\/wp-json\/wp\/v2\/types\/post"}],"replies":[{"embeddable":true,"href":"https:\/\/247stiri.ro\/index.php\/wp-json\/wp\/v2\/comments?post=56822"}],"version-history":[{"count":0,"href":"https:\/\/247stiri.ro\/index.php\/wp-json\/wp\/v2\/posts\/56822\/revisions"}],"wp:featuredmedia":[{"embeddable":true,"href":"https:\/\/247stiri.ro\/index.php\/wp-json\/wp\/v2\/media\/56807"}],"wp:attachment":[{"href":"https:\/\/247stiri.ro\/index.php\/wp-json\/wp\/v2\/media?parent=56822"}],"wp:term":[{"taxonomy":"category","embeddable":true,"href":"https:\/\/247stiri.ro\/index.php\/wp-json\/wp\/v2\/categories?post=56822"},{"taxonomy":"post_tag","embeddable":true,"href":"https:\/\/247stiri.ro\/index.php\/wp-json\/wp\/v2\/tags?post=56822"}],"curies":[{"name":"wp","href":"https:\/\/api.w.org\/{rel}","templated":true}]}}