{"id":56837,"date":"2026-01-08T08:45:24","date_gmt":"2026-01-08T08:45:24","guid":{"rendered":"https:\/\/247stiri.ro\/index.php\/2026\/01\/08\/circulatia-feroviara-afectata-de-conditiile-meteo-nefavorabile-trenurile-au-si-peste-patru-ore-intarziere\/"},"modified":"2026-01-08T08:45:24","modified_gmt":"2026-01-08T08:45:24","slug":"circulatia-feroviara-afectata-de-conditiile-meteo-nefavorabile-trenurile-au-si-peste-patru-ore-intarziere","status":"publish","type":"post","link":"https:\/\/247stiri.ro\/index.php\/2026\/01\/08\/circulatia-feroviara-afectata-de-conditiile-meteo-nefavorabile-trenurile-au-si-peste-patru-ore-intarziere\/","title":{"rendered":"Circula\u021bia feroviar\u0103, afectat\u0103 de condi\u021biile meteo nefavorabile. Trenurile au \u0219i peste patru ore \u00eent\u00e2rziere"},"content":{"rendered":"<p>Conform informa\u021biilor transmise de CFR C\u0103l\u0103tori, cele mai mari probleme sunt \u00eenregistrate pe regionalele Craiova \u0219i Timi\u0219oara, din cauza lipsei de tensiune \u00een firele de contact \u0219i a lipsei de gabarit \u00een linie.<\/p>\n<p>Potrivit CFR C\u0103l\u0103tori, trenul IR 78 Bucure\u0219ti Nord \u2013 Curtici \u00eenregistreaz\u0103 o \u00eent\u00e2rziere de peste patru ore, din cauza situa\u021biei create \u00een re\u021beaua feroviar\u0103.<\/p>\n<p>Pentru sprijinirea interven\u021biilor operative, compania de transport de c\u0103l\u0103tori a pus la dispozi\u021bia CFR SA, managerul infrastructurii feroviare, locomotive diesel.<\/p>\n<p>Programul de circula\u021bie \u00een zonele afectate se desf\u0103\u0219oar\u0103 \u00een func\u021bie de m\u0103surile operative dispuse de CFR SA, \u00een raport cu evolu\u021bia fenomenelor meteo.<\/p>\n<p>Autorit\u0103\u021bile atrag aten\u021bia c\u0103 pot ap\u0103rea noi \u00eent\u00e2rzieri \u00een programul trenurilor, \u00een func\u021bie de evolu\u021bia condi\u021biilor atmosferice.<\/p>\n<p>Detalii privind interven\u021biile aflate \u00een desf\u0103\u0219urare, estim\u0103rile de remediere \u0219i reluarea circula\u021biei pot fi ob\u021binute de la CFR SA \u2013 compania responsabil\u0103 cu organizarea \u0219i dirijarea traficului feroviar.<\/p>\n<p>CFR C\u0103l\u0103tori a transmis c\u0103 \u00ee\u0219i cere scuze pasagerilor pentru disconfortul creat \u0219i reaminte\u0219te c\u0103 pasagerii care renun\u021b\u0103 la c\u0103l\u0103torie pot solicita restituirea contravalorii biletelor neutilizate, integral sau par\u021bial, \u00een conformitate cu Regulamentul de transport pe calea ferat\u0103.<\/p>\n<p>Informa\u021bii suplimentare sunt disponibile pe site-ul www.cfrcalatori.ro, la sec\u021biunea Trafic intern \/ Renun\u021barea la c\u0103l\u0103torie.<\/p>","protected":false},"excerpt":{"rendered":"<p>Conform informa\u021biilor transmise de CFR C\u0103l\u0103tori, cele mai mari probleme sunt \u00eenregistrate pe regionalele Craiova&hellip;<\/p>\n","protected":false},"author":0,"featured_media":56838,"comment_status":"open","ping_status":"open","sticky":false,"template":"","format":"standard","meta":{"footnotes":""},"categories":[2],"tags":[],"class_list":["post-56837","post","type-post","status-publish","format-standard","has-post-thumbnail","hentry","category-actual"],"_links":{"self":[{"href":"https:\/\/247stiri.ro\/index.php\/wp-json\/wp\/v2\/posts\/56837","targetHints":{"allow":["GET"]}}],"collection":[{"href":"https:\/\/247stiri.ro\/index.php\/wp-json\/wp\/v2\/posts"}],"about":[{"href":"https:\/\/247stiri.ro\/index.php\/wp-json\/wp\/v2\/types\/post"}],"replies":[{"embeddable":true,"href":"https:\/\/247stiri.ro\/index.php\/wp-json\/wp\/v2\/comments?post=56837"}],"version-history":[{"count":0,"href":"https:\/\/247stiri.ro\/index.php\/wp-json\/wp\/v2\/posts\/56837\/revisions"}],"wp:featuredmedia":[{"embeddable":true,"href":"https:\/\/247stiri.ro\/index.php\/wp-json\/wp\/v2\/media\/56838"}],"wp:attachment":[{"href":"https:\/\/247stiri.ro\/index.php\/wp-json\/wp\/v2\/media?parent=56837"}],"wp:term":[{"taxonomy":"category","embeddable":true,"href":"https:\/\/247stiri.ro\/index.php\/wp-json\/wp\/v2\/categories?post=56837"},{"taxonomy":"post_tag","embeddable":true,"href":"https:\/\/247stiri.ro\/index.php\/wp-json\/wp\/v2\/tags?post=56837"}],"curies":[{"name":"wp","href":"https:\/\/api.w.org\/{rel}","templated":true}]}}