{"id":56839,"date":"2026-01-08T08:45:24","date_gmt":"2026-01-08T08:45:24","guid":{"rendered":"https:\/\/247stiri.ro\/index.php\/2026\/01\/08\/zapada-da-peste-cap-sistemul-educational-zeci-de-unitati-de-invatamant-din-peste-jumatate-de-tara-afectate-de-viscol-anuntul-ministerului-educatiei\/"},"modified":"2026-01-08T08:45:24","modified_gmt":"2026-01-08T08:45:24","slug":"zapada-da-peste-cap-sistemul-educational-zeci-de-unitati-de-invatamant-din-peste-jumatate-de-tara-afectate-de-viscol-anuntul-ministerului-educatiei","status":"publish","type":"post","link":"https:\/\/247stiri.ro\/index.php\/2026\/01\/08\/zapada-da-peste-cap-sistemul-educational-zeci-de-unitati-de-invatamant-din-peste-jumatate-de-tara-afectate-de-viscol-anuntul-ministerului-educatiei\/","title":{"rendered":"Z\u0103pada d\u0103 peste cap Sistemul educa\u021bional: zeci de unit\u0103\u021bi de \u00eenv\u0103\u021b\u0103m\u00e2nt din peste jum\u0103tate de \u021bar\u0103, afectate de viscol. Anun\u021bul Ministerului Educa\u021biei"},"content":{"rendered":"<p>Ministerul Educa\u0163iei a anun\u0163at c\u0103, potrivit informa\u0163iilor primite de la inspectoratele \u015fcolare jude\u0163ene p\u00e2n\u0103 la ora 9.00, date fiind ninsorile din timpul nop\u0163ii, cursurile vor fi suspendate\/se vor desf\u0103\u015fura online, joi, \u00een urm\u0103toarele unit\u0103\u0163i de \u00eenv\u0103\u0163\u0103m\u00e2nt:<\/p>\n<p>\u00a0Bihor:\u00a0&#8211; \u015ecoala Gimnazial\u0103 Nr. 11 Oradea, par\u0163ial online- \u015ecoala Gimnazial\u0103 Nr. 1 Pocola, par\u0163ial online\u00a0Alba-cursuri suspendate \u00een Zlatna\u00a0\u00a0Bac\u0103u\u00a0&#8211; \u015ecoala Cornii de Sus \u00a0&#8211; T\u0103t\u0103r\u0103\u015fti, cursuri suspendate- \u015ecoala Gimnazial\u0103 Ardeoani, cursuri suspendate<a href=\"https:\/\/www.realitatea.net\/stiri\/vremea\/se-inchid-scolile-in-alt-judet-din-romania-din-cauza-ninsorii-lista-completa-a-localitatilor-care-au-suspendat-cursurile_695f5914befdac2369630dd8\" target=\"_blank\">\u00a0<\/a><a href=\"https:\/\/www.realitatea.net\/stiri\/vremea\/se-inchid-scolile-in-alt-judet-din-romania-din-cauza-ninsorii-lista-completa-a-localitatilor-care-au-suspendat-cursurile_695f5914befdac2369630dd8\" target=\"_blank\">Bistri\u0163a-N\u0103s\u0103ud<\/a>&#8211; \u015ecoala Gimnazial\u0103 Grigore Herinean Gala\u0163ii Bistri\u0163ei, cursuri suspendate- \u015ecoala Gimnazial\u0103 Petri, cursuri suspendate- \u015ecoala Gimnazial\u0103 Sanmihaiu de C\u00e2mpie, cursuri suspendate- \u015ecoala Gimnazial\u0103 \u015eieu-M\u0103gheru\u015f, cursuri suspendate\u00a0Ia\u015fi- \u015ecoala Dobrov\u0103\u0163, cursuri suspendate\u00a0\u00a0Satu Mare- cursuri suspendate comuna Pir- comuna Beltiug, satele Ghi\u00adrisa \u015fi Sandra &#8211; activit\u0103\u0163i online\u00a0Gorj- Scoala Gimnaziala Godinesti, cursuri suspendate\u00a0Sibiu- \u015ecoala Gimnazial\u0103 Amnas, cursuri suspendate- \u2060\u015ecoala Gimnazial\u0103 B\u00e2rghis, cursuri suspendate\u00a0Arge\u015f- \u015ecoala M\u0103lureni, structura Tufanu, cursuri suspendate- \u015ecoala gimnazial\u0103 Stoene\u015fti, cursuri suspendate pentru elevii din satul Piatra.\u00a0Cluj7 unit\u0103\u0163i de \u00eenv\u0103\u0163\u0103m\u00e2nt preuniversitar cu activitatea educa\u0163ional\u0103 suspendat\u0103 joi:- \u015ecoala Gimnazial\u0103 Plosco\u015f- \u015ecoala Gimnazial\u0103 Aluni\u015f- \u015ecoala Primar\u0103 Aiton- \u015ecoala Gimnazial\u0103 R\u00e2\u015fca- \u015ecoala Gimnazial\u0103 A\u015fchileu- \u015ecoala Gimnazial\u0103 M\u0103guri- R\u0103c\u0103t\u0103u, Structur\u0103 Muntele Rece- \u015ecoala Gimnazial\u0103 C\u0103ianu, Gr\u0103dini\u0163a cu Program Normal Vaida-C\u0103m\u0103ra\u015f\u00a0&#8211; o unitate de \u00eenv\u0103\u0163\u0103m\u00e2nt preuniversitar cu activitate online (Colegiul Na\u0163ional \u201dAndrei Mure\u015fanu\u201d Dej).\u00a0Acestora li se adaug\u0103 cele nou\u0103 unit\u0103\u0163i de \u00eenv\u0103\u0163\u0103m\u00e2nt din jude\u0163ele Hunedoara, Mehedin\u0163i, S\u0103laj, Gala\u0163i \u015fi Prahova care au anun\u0163at cu o zi \u00een urm\u0103 suspendarea cursurilor cu prezen\u0163\u0103 fizic\u0103 din cauza \u00eentreruperilor \u00een furnizarea electricit\u0103\u0163ii \u015fi a \u00eenc\u0103lzirii sau a drumurilor impracticabile.<\/p>","protected":false},"excerpt":{"rendered":"<p>Ministerul Educa\u0163iei a anun\u0163at c\u0103, potrivit informa\u0163iilor primite de la inspectoratele \u015fcolare jude\u0163ene p\u00e2n\u0103 la&hellip;<\/p>\n","protected":false},"author":0,"featured_media":56840,"comment_status":"open","ping_status":"open","sticky":false,"template":"","format":"standard","meta":{"footnotes":""},"categories":[2],"tags":[],"class_list":["post-56839","post","type-post","status-publish","format-standard","has-post-thumbnail","hentry","category-actual"],"_links":{"self":[{"href":"https:\/\/247stiri.ro\/index.php\/wp-json\/wp\/v2\/posts\/56839","targetHints":{"allow":["GET"]}}],"collection":[{"href":"https:\/\/247stiri.ro\/index.php\/wp-json\/wp\/v2\/posts"}],"about":[{"href":"https:\/\/247stiri.ro\/index.php\/wp-json\/wp\/v2\/types\/post"}],"replies":[{"embeddable":true,"href":"https:\/\/247stiri.ro\/index.php\/wp-json\/wp\/v2\/comments?post=56839"}],"version-history":[{"count":0,"href":"https:\/\/247stiri.ro\/index.php\/wp-json\/wp\/v2\/posts\/56839\/revisions"}],"wp:featuredmedia":[{"embeddable":true,"href":"https:\/\/247stiri.ro\/index.php\/wp-json\/wp\/v2\/media\/56840"}],"wp:attachment":[{"href":"https:\/\/247stiri.ro\/index.php\/wp-json\/wp\/v2\/media?parent=56839"}],"wp:term":[{"taxonomy":"category","embeddable":true,"href":"https:\/\/247stiri.ro\/index.php\/wp-json\/wp\/v2\/categories?post=56839"},{"taxonomy":"post_tag","embeddable":true,"href":"https:\/\/247stiri.ro\/index.php\/wp-json\/wp\/v2\/tags?post=56839"}],"curies":[{"name":"wp","href":"https:\/\/api.w.org\/{rel}","templated":true}]}}