{"id":56841,"date":"2026-01-08T08:45:25","date_gmt":"2026-01-08T08:45:25","guid":{"rendered":"https:\/\/247stiri.ro\/index.php\/2026\/01\/08\/accident-mortal-pe-de-581-in-vaslui-o-persoana-si-a-pierdut-viata-alte-doua-au-fost-ranite\/"},"modified":"2026-01-08T08:45:25","modified_gmt":"2026-01-08T08:45:25","slug":"accident-mortal-pe-de-581-in-vaslui-o-persoana-si-a-pierdut-viata-alte-doua-au-fost-ranite","status":"publish","type":"post","link":"https:\/\/247stiri.ro\/index.php\/2026\/01\/08\/accident-mortal-pe-de-581-in-vaslui-o-persoana-si-a-pierdut-viata-alte-doua-au-fost-ranite\/","title":{"rendered":"Accident mortal pe DE 581, \u00een Vaslui: o persoan\u0103 \u0219i-a pierdut via\u021ba, alte dou\u0103 au fost r\u0103nite"},"content":{"rendered":"<p>Potrivit Inspectoratului pentru Situa\u021bii de Urgen\u021b\u0103 (ISU) Vaslui, la fa\u021ba locului au intervenit o autospecial\u0103 de stingere \u0219i un echipaj SMURD, cu un total de nou\u0103 militari, precum \u0219i o ambulan\u021b\u0103 SAJ tip B2.<\/p>\n<p>\u00cen urma coliziunii, o persoan\u0103 a decedat, iar alte dou\u0103 au fost r\u0103nite \u0219i au primit \u00eengrijiri medicale la fa\u021ba locului, fiind ulterior transportate la spital pentru investiga\u021bii suplimentare.<\/p>\n<p>Poli\u021bi\u0219tii efectueaz\u0103 cercet\u0103ri pentru a stabili cu exactitate cauzele \u0219i \u00eemprejur\u0103rile \u00een care s-a produs accidentul.<\/p>\n<p>\u201eUna dintre victime se afla \u00een stare de incon\u0219tien\u021b\u0103 \u0219i a fost preluat\u0103 de ambulan\u021ba SAJ. Celelalte dou\u0103 persoane au primit \u00eengrijiri medicale la fa\u021ba locului din partea echipajului de prim ajutor SMURD, ini\u021bial refuz\u00e2nd transportul la spital. Ulterior, acestea au solicitat transportul la unit\u0103\u021bi medicale.Victima aflat\u0103 ini\u021bial \u00een stare de incon\u0219tien\u021b\u0103, un b\u0103rbat \u00een v\u00e2rst\u0103 de 28 de ani, a intrat \u00een stop cardio-respirator, fiind efectuate manevre de resuscitare. Din nefericire, \u00een ciuda eforturilor depuse de personalul medical, acesta a fost declarat decedat\u201d, potrivit ISU Vaslui.<\/p>","protected":false},"excerpt":{"rendered":"<p>Potrivit Inspectoratului pentru Situa\u021bii de Urgen\u021b\u0103 (ISU) Vaslui, la fa\u021ba locului au intervenit o autospecial\u0103&hellip;<\/p>\n","protected":false},"author":0,"featured_media":56842,"comment_status":"open","ping_status":"open","sticky":false,"template":"","format":"standard","meta":{"footnotes":""},"categories":[2],"tags":[],"class_list":["post-56841","post","type-post","status-publish","format-standard","has-post-thumbnail","hentry","category-actual"],"_links":{"self":[{"href":"https:\/\/247stiri.ro\/index.php\/wp-json\/wp\/v2\/posts\/56841","targetHints":{"allow":["GET"]}}],"collection":[{"href":"https:\/\/247stiri.ro\/index.php\/wp-json\/wp\/v2\/posts"}],"about":[{"href":"https:\/\/247stiri.ro\/index.php\/wp-json\/wp\/v2\/types\/post"}],"replies":[{"embeddable":true,"href":"https:\/\/247stiri.ro\/index.php\/wp-json\/wp\/v2\/comments?post=56841"}],"version-history":[{"count":0,"href":"https:\/\/247stiri.ro\/index.php\/wp-json\/wp\/v2\/posts\/56841\/revisions"}],"wp:featuredmedia":[{"embeddable":true,"href":"https:\/\/247stiri.ro\/index.php\/wp-json\/wp\/v2\/media\/56842"}],"wp:attachment":[{"href":"https:\/\/247stiri.ro\/index.php\/wp-json\/wp\/v2\/media?parent=56841"}],"wp:term":[{"taxonomy":"category","embeddable":true,"href":"https:\/\/247stiri.ro\/index.php\/wp-json\/wp\/v2\/categories?post=56841"},{"taxonomy":"post_tag","embeddable":true,"href":"https:\/\/247stiri.ro\/index.php\/wp-json\/wp\/v2\/tags?post=56841"}],"curies":[{"name":"wp","href":"https:\/\/api.w.org\/{rel}","templated":true}]}}