{"id":56920,"date":"2026-01-08T13:45:55","date_gmt":"2026-01-08T13:45:55","guid":{"rendered":"https:\/\/247stiri.ro\/index.php\/2026\/01\/08\/scandalul-spartanul-blocat-la-paris-ministrul-mapn-radu-miruta-explicatii-halucinante-si-atac-la-adresa-jurnalistei-realitatea-plus-in-conferinta-de-presa-video\/"},"modified":"2026-01-08T13:45:55","modified_gmt":"2026-01-08T13:45:55","slug":"scandalul-spartanul-blocat-la-paris-ministrul-mapn-radu-miruta-explicatii-halucinante-si-atac-la-adresa-jurnalistei-realitatea-plus-in-conferinta-de-presa-video","status":"publish","type":"post","link":"https:\/\/247stiri.ro\/index.php\/2026\/01\/08\/scandalul-spartanul-blocat-la-paris-ministrul-mapn-radu-miruta-explicatii-halucinante-si-atac-la-adresa-jurnalistei-realitatea-plus-in-conferinta-de-presa-video\/","title":{"rendered":"Scandalul \u201eSpartanul blocat la Paris\u201d. Ministrul MApN, Radu Miru\u021b\u0103, explica\u021bii halucinante \u0219i atac la adresa jurnalistei Realitatea Plus \u00een conferin\u021ba de pres\u0103 \u2013 VIDEO"},"content":{"rendered":"<p>Realitatea Plus i-a solicitat lui Miru\u021b\u0103 explica\u021bii \u00eenc\u0103 din aceast\u0103 diminea\u021b\u0103, exist\u00e2nd informa\u021bii c\u0103 aeronava ar fi avut probleme tehnice, \u00eems\u0103 ministrul Ap\u0103r\u0103rii n-a venit cu nicio explica\u021bie \u00eenainte de a anun\u021ba conferin\u021ba de pres\u0103.<\/p>\n<p>PRINCIPALELE DECLARA\u021aII:\u00a0<\/p>\n<p class=\"_aupe copyable-text x15bjb6t x1n2onr6\">Starea meteo de la Bucure\u0219ti c\u00e2nd ar fi trebuit s\u0103 aterizeze aeronava erau sub nivel: dac\u0103 plafonul de nori e mai jos de 60 de metri \u0219i vizibilitatea sub 600 de metri aparatul de zbor nu poate ateriza, mai ales av\u00e2nd \u00een vedere c\u0103 la bord se afla \u0219i pre\u0219edintele Rom\u00e2niei. Aeronava nu a plecat nici a doua zi diminea\u021b\u0103, deoarece starea aeroportului nu permitea decolarea. Avionul nu avea nicio problem\u0103 tehnic\u0103.<\/p>\n<p>Aeronava Spartan permite doar comunica\u021bii scrise, prin satelit, \u00een sistem criptat. Nu exist\u0103 posibilitatea unor convorbiri audio. Dac\u0103 ar fi nevoie ca pre\u0219edintelui s\u0103 i se comunice ceva exist\u0103 posibilitatea unor mesaje text.Am discutat cu speciali\u0219tii STS, care au inclus dou\u0103 propuneri pentru a asigura comunica\u021bii de date pe band\u0103 mai larg\u0103.<\/p>\n<p>STS are \u00een lucru dou\u0103 propuneri pentru a exista comunica\u021bii de date pe band\u0103 mai larg\u0103.<\/p>\n<p>Cei de la STS sunt responsabili de comunica\u021biile Adiministra\u021biei Preziden\u021biale. Ni le vor transmite, noi le vom trimite produc\u0103torului avionului. Trebuie integrat \u00een arhitectura electronic\u0103 a aeronavei. Noi nu asigur\u0103m comunica\u021biile, a\u0219tept\u0103m s\u0103 primim solu\u021bia tehnic\u0103 propus\u0103 de STS, nu suntem \u00een acel moment ast\u0103zi.<\/p>\n<p>Deplasarea la Paris a costat aproximativ 30.000 de euro.<\/p>\n<p>Referitor la costuri. Exist\u0103 dou\u0103 componente: costurile directe, care pentru zborul de la Paris de acum 3-4 s\u0103pt\u0103m\u00e2ni au fost de 6720 euro. Asta \u00eenseamn\u0103 combustibil, taxe aeroport, diurna pilo\u021bi.<\/p>\n<p>Costurile indirecte, dac\u0103 scoatem amortizarea, r\u0103m\u00e2n la 2630 euro pe or\u0103 de zbor.<\/p>\n<p>Penultimul cost a fost de 30.000 de euro. Pe regimul fostei administra\u021bii, \u00een anii 2023-2024, costul a fost de 6 ori mai mare, tot p\u00e2n\u0103 la Paris.<\/p>\n<p>Informa\u021bia c\u0103 avionul a avut o problem\u0103, costurile sunt mai mari sunt complet neadev\u0103rate<\/p>\n<p>Exist\u0103 alte variante de aeronav\u0103? \u00a0<\/p>\n<p>Decizia privind mijlocul de deplasare apar\u021bine Administra\u021biei Preziden\u021biale. De aceast\u0103 dat\u0103, op\u021biunea a fost aeronava Spartan, \u00een condi\u021biile \u00een care erau cunoscute limit\u0103rile acestui tip de aparat.<\/p>\n<p><a title=\"@realitatea.plus\" href=\"https:\/\/www.tiktok.com\/@realitatea.plus?refer=embed\" target=\"_blank\">@realitatea.plus<\/a> <a title=\"breakingnews\" href=\"https:\/\/www.tiktok.com\/tag\/breakingnews?refer=embed\" target=\"_blank\">#breakingnews<\/a> <a title=\"stiri\" href=\"https:\/\/www.tiktok.com\/tag\/stiri?refer=embed\" target=\"_blank\">#stiri<\/a> <a title=\"romania\" href=\"https:\/\/www.tiktok.com\/tag\/romania?refer=embed\" target=\"_blank\">#romania<\/a> <a title=\"\u266c original sound - Realitatea Plus\" href=\"https:\/\/www.tiktok.com\/music\/original-sound-7592977572032547607?refer=embed\" target=\"_blank\">\u266c original sound &#8211; Realitatea Plus<\/a><\/p>\n<p>\u00a0<\/p>\n<p>\u00a0<\/p>\n<p>\u00a0<\/p>","protected":false},"excerpt":{"rendered":"<p>Realitatea Plus i-a solicitat lui Miru\u021b\u0103 explica\u021bii \u00eenc\u0103 din aceast\u0103 diminea\u021b\u0103, exist\u00e2nd informa\u021bii c\u0103 aeronava&hellip;<\/p>\n","protected":false},"author":0,"featured_media":56921,"comment_status":"open","ping_status":"open","sticky":false,"template":"","format":"standard","meta":{"footnotes":""},"categories":[3],"tags":[],"class_list":["post-56920","post","type-post","status-publish","format-standard","has-post-thumbnail","hentry","category-politica"],"_links":{"self":[{"href":"https:\/\/247stiri.ro\/index.php\/wp-json\/wp\/v2\/posts\/56920","targetHints":{"allow":["GET"]}}],"collection":[{"href":"https:\/\/247stiri.ro\/index.php\/wp-json\/wp\/v2\/posts"}],"about":[{"href":"https:\/\/247stiri.ro\/index.php\/wp-json\/wp\/v2\/types\/post"}],"replies":[{"embeddable":true,"href":"https:\/\/247stiri.ro\/index.php\/wp-json\/wp\/v2\/comments?post=56920"}],"version-history":[{"count":0,"href":"https:\/\/247stiri.ro\/index.php\/wp-json\/wp\/v2\/posts\/56920\/revisions"}],"wp:featuredmedia":[{"embeddable":true,"href":"https:\/\/247stiri.ro\/index.php\/wp-json\/wp\/v2\/media\/56921"}],"wp:attachment":[{"href":"https:\/\/247stiri.ro\/index.php\/wp-json\/wp\/v2\/media?parent=56920"}],"wp:term":[{"taxonomy":"category","embeddable":true,"href":"https:\/\/247stiri.ro\/index.php\/wp-json\/wp\/v2\/categories?post=56920"},{"taxonomy":"post_tag","embeddable":true,"href":"https:\/\/247stiri.ro\/index.php\/wp-json\/wp\/v2\/tags?post=56920"}],"curies":[{"name":"wp","href":"https:\/\/api.w.org\/{rel}","templated":true}]}}