{"id":56940,"date":"2026-01-08T14:47:37","date_gmt":"2026-01-08T14:47:37","guid":{"rendered":"https:\/\/247stiri.ro\/index.php\/2026\/01\/08\/nicusor-dan-intre-activismul-anti-chevron-si-colaborarea-cu-un-consilier-actionar-al-gigantului-american\/"},"modified":"2026-01-08T14:47:37","modified_gmt":"2026-01-08T14:47:37","slug":"nicusor-dan-intre-activismul-anti-chevron-si-colaborarea-cu-un-consilier-actionar-al-gigantului-american","status":"publish","type":"post","link":"https:\/\/247stiri.ro\/index.php\/2026\/01\/08\/nicusor-dan-intre-activismul-anti-chevron-si-colaborarea-cu-un-consilier-actionar-al-gigantului-american\/","title":{"rendered":"Nicu\u0219or Dan, \u00eentre activismul anti-Chevron \u0219i colaborarea cu un consilier ac\u021bionar al gigantului american"},"content":{"rendered":"<p>O surpriz\u0103 de propor\u021bii marcheaz\u0103 \u00eenceputul mandatului pre\u0219edintelui Nicu\u0219or Dan. Unul dintre noii s\u0103i consilieri de la Palatul Cotroceni de\u021bine ac\u021biuni la Chevron, gigantul energetic american care a provocat, \u00een urm\u0103 cu un deceniu, revolta de la Punge\u0219ti. Situa\u021bia este cu at\u00e2t mai ironic\u0103 cu c\u00e2t Nicu\u0219or Dan \u0219i-a cl\u0103dit notorietatea \u0219i cariera politic\u0103 pe baza activismului de mediu, fiind la acea vreme unul dintre cei mai vocali inamici ai explor\u0103rii gazelor de \u0219ist \u00een Rom\u00e2nia.<\/p>\n<p>\u201eR\u0103zboiul\u201d de 20 de procese al activistului Nicu\u0219or Dan<\/p>\n<p>\u00cen 2013, \u00een calitate de lider al Uniunii \u201eSalva\u021bi Bucure\u0219tiul\u201d, Nicu\u0219or Dan coordona o ofensiv\u0103 juridic\u0103 \u0219i civic\u0103 f\u0103r\u0103 precedent \u00eempotriva Chevron. Acesta declan\u0219ase peste 20 de procese, invoc\u00e2nd modele legislative din Fran\u021ba \u0219i rezolu\u021bii ale Parlamentului European pentru a bloca forajele.<\/p>\n<p>\u201eAm depus legea prin care Parlamentul francez a oprit toate explor\u0103rile pe perioad\u0103 nedeterminat\u0103\u201d, declara Dan \u00een 2013, lupt\u00e2nd pentru a impune bariere de mediu stricte \u00een fa\u021ba corpora\u021biei americane.<\/p>\n<p>\u00cen acea toamn\u0103 tensionat\u0103, activismul s\u0103u juridic se mutase \u00een strad\u0103: peste 500 de localnici \u0219i 150 de activi\u0219ti au format scuturi umane la Punge\u0219ti, bloc\u00e2nd utilajele Chevron \u00een confrunt\u0103ri directe cu for\u021bele de ordine. Victoria a venit \u00een 2015, c\u00e2nd compania a abandonat toate concesiunile \u0219i a ecologizat terenul de 20.000 mp din jude\u021bul Vaslui.<\/p>\n<p>Consilierul de securitate \u0219i portofoliul de ac\u021biuni<\/p>\n<p>De\u0219i imaginea de \u201elupt\u0103tor \u00eempotriva Chevron\u201d a fost o piatr\u0103 de temelie pentru ascensiunea sa c\u0103tre cea mai \u00eenalt\u0103 func\u021bie \u00een stat, pre\u0219edintele Nicu\u0219or Dan a surprins recent prin numirea lui Marius Gabriel Lazurc\u0103 (54 de ani) \u00een func\u021bia de consilier preziden\u021bial pentru securitate na\u021bional\u0103.<\/p>\n<p>Lazurc\u0103, un diplomat de carier\u0103 cu experien\u021b\u0103 ca ambasador \u00een Mexic \u0219i America Central\u0103, a renun\u021bat la un salariu de peste 10.000 de euro lunar \u00een cadrul Ministerului de Externe pentru a se al\u0103tura echipei de la Cotroceni. De\u0219i numele s\u0103u a fost vehiculat \u00een trecut chiar \u0219i pentru \u0219efia SIE, detaliul care atrage aten\u021bia acum se reg\u0103se\u0219te \u00een declara\u021bia sa de avere.<\/p>\n<p>Potrivit documentelor oficiale, so\u021bii Lazurc\u0103 de\u021bin o avere considerabil\u0103. Dou\u0103 case \u0219i un apartament \u00een Arad \u0219i Oradea, plus dou\u0103 terenuri, pcolec\u021bie evaluat\u0103 la 65.000 de euro, \u00eenceput\u0103 \u00een 2001, \u0219i un portofoliu diversificat de ac\u021biuni la companii precum UiPath, Kraft Heinz sau Estee Lauder, dar \u0219i 3 ac\u021biuni la Chevron, \u00een valoare de aproximativ 403 euro.<\/p>\n<p>O asociere simbolic\u0103<\/p>\n<p>De\u0219i pachetul de ac\u021biuni la Chevron este unul modest din punct de vedere financiar, valoarea sa simbolic\u0103 este imens\u0103 \u00een contextul istoriei politice a lui Nicu\u0219or Dan. Prezen\u021ba unui ac\u021bionar al firmei care a declan\u0219at revolta de la Punge\u0219ti chiar \u00een nucleul dur de consilieri ai pre\u0219edintelui ridic\u0103 semne de \u00eentrebare asupra modului \u00een care vechile convingeri de activist se \u00eempac\u0103 ast\u0103zi cu pragmatismul administrativ de la cel mai \u00eenalt nivel.<\/p>\n<p><a href=\"https:\/\/www.vremeanoua.ro\/presedintele-nicusor-dan-a-luptat-impotriva-chevron-la-vaslui-insa-si-a-luat-consilier-un-actionar-la-compania-americana\/\" target=\"_blank\">SURSA<\/a><\/p>","protected":false},"excerpt":{"rendered":"<p>O surpriz\u0103 de propor\u021bii marcheaz\u0103 \u00eenceputul mandatului pre\u0219edintelui Nicu\u0219or Dan. Unul dintre noii s\u0103i consilieri&hellip;<\/p>\n","protected":false},"author":0,"featured_media":56933,"comment_status":"open","ping_status":"open","sticky":false,"template":"","format":"standard","meta":{"footnotes":""},"categories":[2],"tags":[],"class_list":["post-56940","post","type-post","status-publish","format-standard","has-post-thumbnail","hentry","category-actual"],"_links":{"self":[{"href":"https:\/\/247stiri.ro\/index.php\/wp-json\/wp\/v2\/posts\/56940","targetHints":{"allow":["GET"]}}],"collection":[{"href":"https:\/\/247stiri.ro\/index.php\/wp-json\/wp\/v2\/posts"}],"about":[{"href":"https:\/\/247stiri.ro\/index.php\/wp-json\/wp\/v2\/types\/post"}],"replies":[{"embeddable":true,"href":"https:\/\/247stiri.ro\/index.php\/wp-json\/wp\/v2\/comments?post=56940"}],"version-history":[{"count":0,"href":"https:\/\/247stiri.ro\/index.php\/wp-json\/wp\/v2\/posts\/56940\/revisions"}],"wp:featuredmedia":[{"embeddable":true,"href":"https:\/\/247stiri.ro\/index.php\/wp-json\/wp\/v2\/media\/56933"}],"wp:attachment":[{"href":"https:\/\/247stiri.ro\/index.php\/wp-json\/wp\/v2\/media?parent=56940"}],"wp:term":[{"taxonomy":"category","embeddable":true,"href":"https:\/\/247stiri.ro\/index.php\/wp-json\/wp\/v2\/categories?post=56940"},{"taxonomy":"post_tag","embeddable":true,"href":"https:\/\/247stiri.ro\/index.php\/wp-json\/wp\/v2\/tags?post=56940"}],"curies":[{"name":"wp","href":"https:\/\/api.w.org\/{rel}","templated":true}]}}