{"id":56941,"date":"2026-01-08T14:47:37","date_gmt":"2026-01-08T14:47:37","guid":{"rendered":"https:\/\/247stiri.ro\/index.php\/2026\/01\/08\/rezistul-miruta-reactie-halucinanta-dupa-ce-l-a-umilit-pe-nicusor-comandantul-suprem-al-armatei-abandonat-de-ministrul-rezist\/"},"modified":"2026-01-08T14:47:37","modified_gmt":"2026-01-08T14:47:37","slug":"rezistul-miruta-reactie-halucinanta-dupa-ce-l-a-umilit-pe-nicusor-comandantul-suprem-al-armatei-abandonat-de-ministrul-rezist","status":"publish","type":"post","link":"https:\/\/247stiri.ro\/index.php\/2026\/01\/08\/rezistul-miruta-reactie-halucinanta-dupa-ce-l-a-umilit-pe-nicusor-comandantul-suprem-al-armatei-abandonat-de-ministrul-rezist\/","title":{"rendered":"Rezistul Miru\u021b\u0103, reac\u021bie halucinant\u0103 dup\u0103 ce l-a umilit pe Nicu\u0219or. Comandantul suprem al armatei, abandonat de ministrul rezist"},"content":{"rendered":"<p>Miru\u021b\u0103 \u0219i Macron \u0219i-au dat m\u00e2na ca s\u0103-l umileasc\u0103 pe Nicu\u0219or<\/p>\n<p>Ministrul \u201erezist\u201d al Ap\u0103r\u0103rii a oferit primele declara\u021biii publice \u00een urma incidentului ru\u0219inos de pe aeroportul din Fran\u021ba, unde pre\u0219edintele Nicu\u0219or Dan a r\u0103mas blocat dup\u0103 ce o aeronav\u0103 militar\u0103 Spartan nu a putut decola. Pe l\u00e2ng\u0103 explica\u021bii halucinante \u2013 inclusiv o compara\u021bie \u00eentre transportarea pre\u0219edintelui Rom\u00e2niei de la Paris \u0219i opera\u021biunea de capturare a lui Maduro \u2013 Miru\u021b\u0103 a lansat \u0219i un atac josnic la adresa jurnalistei Realitatea Plus, chiar \u00een cursul conferin\u021bei de pres\u0103.<\/p>\n<p>Radu Miru\u021b\u0103 afirm\u0103 c\u0103 pre\u0219edintele a decis cu propria voin\u021b\u0103 cu ce s\u0103 zboare.<\/p>\n<p><a title=\"@realitatea.plus\" href=\"https:\/\/www.tiktok.com\/@realitatea.plus?refer=embed\" target=\"_blank\">@realitatea.plus<\/a> <a title=\"breakingnews\" href=\"https:\/\/www.tiktok.com\/tag\/breakingnews?refer=embed\" target=\"_blank\">#breakingnews<\/a> <a title=\"stiri\" href=\"https:\/\/www.tiktok.com\/tag\/stiri?refer=embed\" target=\"_blank\">#stiri<\/a> <a title=\"romania\" href=\"https:\/\/www.tiktok.com\/tag\/romania?refer=embed\" target=\"_blank\">#romania<\/a> <a title=\"\u266c original sound - Realitatea Plus\" href=\"https:\/\/www.tiktok.com\/music\/original-sound-7592977572032547607?refer=embed\" target=\"_blank\">\u266c original sound &#8211; Realitatea Plus<\/a><\/p>\n<p>Jurnalist Realitatea PLUS: Bun\u0103 ziua! Alessia P\u0103curaru, jurnalist Realitatea PLUS. Domnule ministru, pre\u0219edintele Nicu\u0219or Dan, comandantul suprem al For\u021belor Armate a plecat la Paris cu un astfel de avion militar, pus la dispozi\u021bie de MAPN. Exista totu\u0219i o alt\u0103 aeronav\u0103 care s\u0103 \u00eei permit\u0103 s\u0103 decoleze pe astfel de condi\u021bii meteo, av\u00e2nd \u00een vedere c\u0103 este o aeronav\u0103 militar\u0103 \u0219i s\u0103 aib\u0103 telecomunica\u021bii? \u00cen cazul \u00een care trebuia s\u0103 fie informat cu privire la o anumit\u0103 situa\u021bie de la noi din \u021bar\u0103? V\u0103 asuma\u021bi, p\u00e2n\u0103 la urm\u0103, imaginea Rom\u00e2niei care a fost conturat\u0103 la Paris din cauza acestor incidente?<\/p>\n<p>Ministrul Ap\u0103r\u0103rii, Radu Miru\u021b\u0103: F\u0103r\u0103 s\u0103 v\u0103 bucure r\u0103spunsul pe dumneavoastr\u0103, \u00een mod special, imaginea Rom\u00e2niei este una foarte bun\u0103 de c\u00e2nd pre\u0219edintele Nicu\u0219or Dan particip\u0103 la astfel de \u00eent\u00e2lniri.<\/p>\n<p>Jurnalist Realitatea PLUS: V-am \u00eentrebat strict de incident.<\/p>","protected":false},"excerpt":{"rendered":"<p>Miru\u021b\u0103 \u0219i Macron \u0219i-au dat m\u00e2na ca s\u0103-l umileasc\u0103 pe Nicu\u0219or Ministrul \u201erezist\u201d al Ap\u0103r\u0103rii&hellip;<\/p>\n","protected":false},"author":0,"featured_media":56935,"comment_status":"open","ping_status":"open","sticky":false,"template":"","format":"standard","meta":{"footnotes":""},"categories":[2],"tags":[],"class_list":["post-56941","post","type-post","status-publish","format-standard","has-post-thumbnail","hentry","category-actual"],"_links":{"self":[{"href":"https:\/\/247stiri.ro\/index.php\/wp-json\/wp\/v2\/posts\/56941","targetHints":{"allow":["GET"]}}],"collection":[{"href":"https:\/\/247stiri.ro\/index.php\/wp-json\/wp\/v2\/posts"}],"about":[{"href":"https:\/\/247stiri.ro\/index.php\/wp-json\/wp\/v2\/types\/post"}],"replies":[{"embeddable":true,"href":"https:\/\/247stiri.ro\/index.php\/wp-json\/wp\/v2\/comments?post=56941"}],"version-history":[{"count":0,"href":"https:\/\/247stiri.ro\/index.php\/wp-json\/wp\/v2\/posts\/56941\/revisions"}],"wp:featuredmedia":[{"embeddable":true,"href":"https:\/\/247stiri.ro\/index.php\/wp-json\/wp\/v2\/media\/56935"}],"wp:attachment":[{"href":"https:\/\/247stiri.ro\/index.php\/wp-json\/wp\/v2\/media?parent=56941"}],"wp:term":[{"taxonomy":"category","embeddable":true,"href":"https:\/\/247stiri.ro\/index.php\/wp-json\/wp\/v2\/categories?post=56941"},{"taxonomy":"post_tag","embeddable":true,"href":"https:\/\/247stiri.ro\/index.php\/wp-json\/wp\/v2\/tags?post=56941"}],"curies":[{"name":"wp","href":"https:\/\/api.w.org\/{rel}","templated":true}]}}