{"id":56943,"date":"2026-01-08T14:47:38","date_gmt":"2026-01-08T14:47:38","guid":{"rendered":"https:\/\/247stiri.ro\/index.php\/2026\/01\/08\/un-polonez-a-murit-torturat-de-rusi-dupa-ce-a-mers-in-ucraina-sa-vada-singur-daca-razboiul-exista-cu-adevarat\/"},"modified":"2026-01-08T14:47:38","modified_gmt":"2026-01-08T14:47:38","slug":"un-polonez-a-murit-torturat-de-rusi-dupa-ce-a-mers-in-ucraina-sa-vada-singur-daca-razboiul-exista-cu-adevarat","status":"publish","type":"post","link":"https:\/\/247stiri.ro\/index.php\/2026\/01\/08\/un-polonez-a-murit-torturat-de-rusi-dupa-ce-a-mers-in-ucraina-sa-vada-singur-daca-razboiul-exista-cu-adevarat\/","title":{"rendered":"Un polonez a murit torturat de ru\u0219i, dup\u0103 ce a mers \u00een Ucraina s\u0103 vad\u0103 singur dac\u0103 r\u0103zboiul exist\u0103 cu adev\u0103rat"},"content":{"rendered":"<p>Krzysztof Galos, \u00een v\u00e2rst\u0103 de 44 de ani, s-a r\u0103t\u0103cit \u0219i a ajuns din gre\u0219eal\u0103 \u00eentr-o zon\u0103 aflat\u0103 sub controlul trupelor ruse, potrivit unui raport al organiza\u021biei pentru drepturile omului Memorial, care descrie cazuri de tortur\u0103 desf\u0103\u0219urate sistematic \u00een zonele ocupate \u0219i pe teritoriul Rusiei, \u00een special \u00eempotriva cet\u0103\u021benilor str\u0103inicitat de <a href=\"https:\/\/wyborcza.pl\/7,75399,32497548,jezeli-zostal-pochowany-to-gdzie-msz-i-rodzina-polaka.html\" target=\"_blank\">Gazeta Wyborcza<\/a> \u0219i <a href=\"https:\/\/www.pravda.com.ua\/eng\/news\/2026\/01\/07\/8015024\/\" target=\"_blank\">Pravda<\/a>.<\/p>\n<p>\u00cen aprilie 2023, Galos a trecut frontiera ucrainean\u0103 la volanul propriei ma\u0219ini. Ultimele imagini surprinse de camerele de supraveghere \u00eel arat\u0103 \u00een apropierea centralei nucleare de la Zaporojie, ocupat\u0103 de armata rus\u0103.<\/p>\n<p>Cum a fost capturat \u0219i ucis<\/p>\n<p>Martorii cita\u021bi de Memorial sus\u021bin c\u0103 b\u0103rbatul a nimerit din gre\u0219eal\u0103 la un punct de control rusesc, unde a fost re\u021binut \u0219i dus la centrul de deten\u021bie preventiv\u0103 nr. 2 din ora\u0219ul Taganrog, pe teritoriul Federa\u021biei Ruse.<\/p>\n<p>Acolo, Galos ar fi fost supus unor interogatorii brutale \u0219i unor b\u0103t\u0103i repetate, \u00een special pentru faptul c\u0103 nu vorbea limba rus\u0103 \u0219i provenea dintr-o \u021bar\u0103 care sprijin\u0103 Ucraina.<\/p>\n<p>Conform raportului, gardienii l-ar fi lovit at\u00e2t de tare la picioare \u00eenc\u00e2t nu le-a mai putut folosi. Krzysztof Galos a murit \u00een iunie 2023, iar autorit\u0103\u021bile ruse i-au obligat pe ceilal\u021bi de\u021binu\u021bi s\u0103 semneze declara\u021bii potrivit c\u0103rora \u201enu s-a folosit violen\u021b\u0103\u201d \u00eempotriva lui.<\/p>\n<p>Familia caut\u0103 r\u0103spunsuri<\/p>\n<p>Rusia nu a notificat niciodat\u0103 oficial Polonia despre moartea lui Galos. Fiul s\u0103u, Pawel, continu\u0103 demersurile pentru a afla adev\u0103rul \u0219i pentru a repatria trupul tat\u0103lui s\u0103u. El a trimis scrisori c\u0103tre Ministerul rus al Justi\u021biei \u0219i Parchet, precum \u0219i c\u0103tre autorit\u0103\u021bile poloneze \u0219i ambasadele Ucrainei \u0219i Rusiei.<\/p>\n<p>Ministerul polonez de Externe a confirmat c\u0103 Ambasada Poloniei la Moscova a \u00eenaintat o not\u0103 diplomatic\u0103 Ministerului rus de Externe, cer\u00e2nd clarific\u0103ri \u00een leg\u0103tur\u0103 cu moartea cet\u0103\u021beanului polonez. P\u00e2n\u0103 acum, partea rus\u0103 nu a oferit niciun r\u0103spuns oficial.<\/p>","protected":false},"excerpt":{"rendered":"<p>Krzysztof Galos, \u00een v\u00e2rst\u0103 de 44 de ani, s-a r\u0103t\u0103cit \u0219i a ajuns din gre\u0219eal\u0103&hellip;<\/p>\n","protected":false},"author":0,"featured_media":56929,"comment_status":"open","ping_status":"open","sticky":false,"template":"","format":"standard","meta":{"footnotes":""},"categories":[2],"tags":[],"class_list":["post-56943","post","type-post","status-publish","format-standard","has-post-thumbnail","hentry","category-actual"],"_links":{"self":[{"href":"https:\/\/247stiri.ro\/index.php\/wp-json\/wp\/v2\/posts\/56943","targetHints":{"allow":["GET"]}}],"collection":[{"href":"https:\/\/247stiri.ro\/index.php\/wp-json\/wp\/v2\/posts"}],"about":[{"href":"https:\/\/247stiri.ro\/index.php\/wp-json\/wp\/v2\/types\/post"}],"replies":[{"embeddable":true,"href":"https:\/\/247stiri.ro\/index.php\/wp-json\/wp\/v2\/comments?post=56943"}],"version-history":[{"count":0,"href":"https:\/\/247stiri.ro\/index.php\/wp-json\/wp\/v2\/posts\/56943\/revisions"}],"wp:featuredmedia":[{"embeddable":true,"href":"https:\/\/247stiri.ro\/index.php\/wp-json\/wp\/v2\/media\/56929"}],"wp:attachment":[{"href":"https:\/\/247stiri.ro\/index.php\/wp-json\/wp\/v2\/media?parent=56943"}],"wp:term":[{"taxonomy":"category","embeddable":true,"href":"https:\/\/247stiri.ro\/index.php\/wp-json\/wp\/v2\/categories?post=56943"},{"taxonomy":"post_tag","embeddable":true,"href":"https:\/\/247stiri.ro\/index.php\/wp-json\/wp\/v2\/tags?post=56943"}],"curies":[{"name":"wp","href":"https:\/\/api.w.org\/{rel}","templated":true}]}}