{"id":56950,"date":"2026-01-08T15:45:59","date_gmt":"2026-01-08T15:45:59","guid":{"rendered":"https:\/\/247stiri.ro\/index.php\/2026\/01\/08\/scandal-monstru-intr-o-primarie-din-judetul-suceava-cetatenii-cer-socoteala-edilului-pentru-scumpirile-anuntate-de-la-1-ianuarie-video\/"},"modified":"2026-01-08T15:45:59","modified_gmt":"2026-01-08T15:45:59","slug":"scandal-monstru-intr-o-primarie-din-judetul-suceava-cetatenii-cer-socoteala-edilului-pentru-scumpirile-anuntate-de-la-1-ianuarie-video","status":"publish","type":"post","link":"https:\/\/247stiri.ro\/index.php\/2026\/01\/08\/scandal-monstru-intr-o-primarie-din-judetul-suceava-cetatenii-cer-socoteala-edilului-pentru-scumpirile-anuntate-de-la-1-ianuarie-video\/","title":{"rendered":"Scandal monstru \u00eentr-o prim\u0103rie din jude\u021bul Suceava. Cet\u0103\u021benii cer socoteal\u0103 edilului pentru scumpirile anun\u021bate de la 1 ianuarie VIDEO"},"content":{"rendered":"<p>Localitatea Salcea din jude\u021bul Suceava a devenit scena unor tensiuni f\u0103r\u0103 precedent, dup\u0103 ce o revolt\u0103 spontan\u0103 a izbucnit pe holurile institu\u021biei locale.<\/p>\n<p>Sute de localnici, cuprin\u0219i de furie \u00een fa\u021ba perspectivei unor major\u0103ri drastice ale taxelor, au for\u021bat intrarea \u00een prim\u0103rie pentru a-i cere socoteal\u0103 edilului.<\/p>\n<p>Situa\u021bia a escaladat rapid, sc\u0103p\u00e2nd de sub control \u00een momentul \u00een care mul\u021bimea a reu\u0219it s\u0103 p\u0103trund\u0103 direct \u00een biroul primarului, bloc\u00e2nd activitatea administrativ\u0103 \u0219i cer\u00e2nd anularea imediat\u0103 a noilor d\u0103ri care le amenin\u021b\u0103 bugetele familiilor.<\/p>\n<p>Oamenii sunt nemul\u021bumi\u021bi c\u0103 noile tarife au fost adoptate f\u0103r\u0103 o consultare public\u0103 real\u0103 \u0219i sus\u021bin c\u0103 poverile fiscale sunt dispropor\u021bionate fa\u021b\u0103 de veniturile lor.<\/p>\n<p>Zgomotul protestului a umplut cl\u0103direa, iar dialogul dintre cet\u0103\u021beni \u0219i primar s-a transformat rapid \u00eentr-un schimb dur de replici, localnicii refuz\u00e2nd s\u0103 p\u0103r\u0103seasc\u0103 sediul p\u00e2n\u0103 c\u00e2nd nu primesc garan\u021bii clare c\u0103 hot\u0103r\u00e2rea de consiliu va fi revizuit\u0103.<\/p>\n<p>Aceast\u0103 explozie de furie popular\u0103 subliniaz\u0103 pr\u0103pastia tot mai mare dintre deciziile administrative \u0219i suportabilitatea economic\u0103 a comunit\u0103\u021bii.<\/p>","protected":false},"excerpt":{"rendered":"<p>Localitatea Salcea din jude\u021bul Suceava a devenit scena unor tensiuni f\u0103r\u0103 precedent, dup\u0103 ce o&hellip;<\/p>\n","protected":false},"author":0,"featured_media":56951,"comment_status":"open","ping_status":"open","sticky":false,"template":"","format":"standard","meta":{"footnotes":""},"categories":[2],"tags":[],"class_list":["post-56950","post","type-post","status-publish","format-standard","has-post-thumbnail","hentry","category-actual"],"_links":{"self":[{"href":"https:\/\/247stiri.ro\/index.php\/wp-json\/wp\/v2\/posts\/56950","targetHints":{"allow":["GET"]}}],"collection":[{"href":"https:\/\/247stiri.ro\/index.php\/wp-json\/wp\/v2\/posts"}],"about":[{"href":"https:\/\/247stiri.ro\/index.php\/wp-json\/wp\/v2\/types\/post"}],"replies":[{"embeddable":true,"href":"https:\/\/247stiri.ro\/index.php\/wp-json\/wp\/v2\/comments?post=56950"}],"version-history":[{"count":0,"href":"https:\/\/247stiri.ro\/index.php\/wp-json\/wp\/v2\/posts\/56950\/revisions"}],"wp:featuredmedia":[{"embeddable":true,"href":"https:\/\/247stiri.ro\/index.php\/wp-json\/wp\/v2\/media\/56951"}],"wp:attachment":[{"href":"https:\/\/247stiri.ro\/index.php\/wp-json\/wp\/v2\/media?parent=56950"}],"wp:term":[{"taxonomy":"category","embeddable":true,"href":"https:\/\/247stiri.ro\/index.php\/wp-json\/wp\/v2\/categories?post=56950"},{"taxonomy":"post_tag","embeddable":true,"href":"https:\/\/247stiri.ro\/index.php\/wp-json\/wp\/v2\/tags?post=56950"}],"curies":[{"name":"wp","href":"https:\/\/api.w.org\/{rel}","templated":true}]}}