{"id":5697,"date":"2024-11-08T13:01:48","date_gmt":"2024-11-08T13:01:48","guid":{"rendered":"https:\/\/247stiri.ro\/index.php\/2024\/11\/08\/nicolae-ciuca-si-pnl-campanii-pe-teme-economice\/"},"modified":"2024-11-08T13:01:48","modified_gmt":"2024-11-08T13:01:48","slug":"nicolae-ciuca-si-pnl-campanii-pe-teme-economice","status":"publish","type":"post","link":"https:\/\/247stiri.ro\/index.php\/2024\/11\/08\/nicolae-ciuca-si-pnl-campanii-pe-teme-economice\/","title":{"rendered":"Nicolae Ciuc\u0103 \u0219i PNL, campanii pe teme economice"},"content":{"rendered":"<p>Semnalul a fost transmis ini\u021bial de pre\u0219edintele PNL, o dat\u0103 cu lansarea programului preziden\u021bial pentru o Rom\u00e2nie sigur\u0103 \u0219i prosper\u0103. Nicolae Ciuc\u0103 a pledat pentru un model liberal de dezvoltare pentru urm\u0103torii ani. Acest model economic este bazat pe consolidarea clasei de mijloc, sus\u021binerea antreprenorilor \u0219i cre\u0219terea de investi\u021bii.<\/p>\n<p>Ulterior, PNL \u0219i-a lansat programul de guvernare \u201dPentru familie, comunitate, \u021bar\u0103\u201d, \u00een care a asumat o serie de m\u0103suri de dreapta pentru urm\u0103torii ani. Pilonii acestui program sunt: men\u021binerea cotei unice, consolidarea Pilonului 2 de pensii \u0219i cre\u0219terea treptat\u0103 a contribu\u021biei de la 4,75% la 6%, men\u021binerea pragului de impozitare pentru cele 350 de mii de \u00eentreprinderi.<\/p>\n<p>Totodat\u0103, liberalii au reafirmat faptul c\u0103 se opun major\u0103rii TVA, dar \u0219i oric\u0103ror taxe \u0219i impozite. Potrivit PNL, cre\u0219terea fiscalit\u0103\u021bii ar afecta veniturile oamenilor \u0219i mediul de afaceri din Rom\u00e2nia. Acest lucru ar lovi \u00een obiectivul liberalilor de a consolida veniturile \u0219i clasa de mijloc din Rom\u00e2nia.<\/p>\n<p>Potrivit lui Nicolae Ciuc\u0103, programul de guvernare al PNL prevede crearea a 400.000 de noi locuri de munc\u0103 p\u00e2n\u0103 la sf\u00e2r\u0219itul anului 2028 \u0219i o cre\u0219tere a salariului mediu net de la 5.000 lei, c\u00e2t este \u00een prezent, la 7.000 de lei.<\/p>\n<p>Discu\u021bia lansat\u0103 de Nicolae Ciuc\u0103 \u0219i PNL privind modul \u00een care urmeaz\u0103 s\u0103 se dezvolte Rom\u00e2nia a fost evitat\u0103 p\u00e2n\u0103 acum de ceilal\u021bi candida\u021bi la preziden\u021biale \u0219i partide politice. Acestea din urm\u0103 \u0219i candida\u021bii s\u0103i au preferat s\u0103-\u0219i axeze campaniile pe atacurile politice.<\/p>\n<p>CMF31240003<\/p>","protected":false},"excerpt":{"rendered":"<p>Semnalul a fost transmis ini\u021bial de pre\u0219edintele PNL, o dat\u0103 cu lansarea programului preziden\u021bial pentru&hellip;<\/p>\n","protected":false},"author":0,"featured_media":5698,"comment_status":"open","ping_status":"open","sticky":false,"template":"","format":"standard","meta":{"footnotes":""},"categories":[3],"tags":[],"class_list":["post-5697","post","type-post","status-publish","format-standard","has-post-thumbnail","hentry","category-politica"],"_links":{"self":[{"href":"https:\/\/247stiri.ro\/index.php\/wp-json\/wp\/v2\/posts\/5697","targetHints":{"allow":["GET"]}}],"collection":[{"href":"https:\/\/247stiri.ro\/index.php\/wp-json\/wp\/v2\/posts"}],"about":[{"href":"https:\/\/247stiri.ro\/index.php\/wp-json\/wp\/v2\/types\/post"}],"replies":[{"embeddable":true,"href":"https:\/\/247stiri.ro\/index.php\/wp-json\/wp\/v2\/comments?post=5697"}],"version-history":[{"count":0,"href":"https:\/\/247stiri.ro\/index.php\/wp-json\/wp\/v2\/posts\/5697\/revisions"}],"wp:featuredmedia":[{"embeddable":true,"href":"https:\/\/247stiri.ro\/index.php\/wp-json\/wp\/v2\/media\/5698"}],"wp:attachment":[{"href":"https:\/\/247stiri.ro\/index.php\/wp-json\/wp\/v2\/media?parent=5697"}],"wp:term":[{"taxonomy":"category","embeddable":true,"href":"https:\/\/247stiri.ro\/index.php\/wp-json\/wp\/v2\/categories?post=5697"},{"taxonomy":"post_tag","embeddable":true,"href":"https:\/\/247stiri.ro\/index.php\/wp-json\/wp\/v2\/tags?post=5697"}],"curies":[{"name":"wp","href":"https:\/\/api.w.org\/{rel}","templated":true}]}}