{"id":5703,"date":"2024-11-08T13:01:49","date_gmt":"2024-11-08T13:01:49","guid":{"rendered":"https:\/\/247stiri.ro\/index.php\/2024\/11\/08\/marcel-ciolacu-de-vineri-se-vor-deschide-primii-11-km-din-autostrada-moldovei\/"},"modified":"2024-11-08T13:01:49","modified_gmt":"2024-11-08T13:01:49","slug":"marcel-ciolacu-de-vineri-se-vor-deschide-primii-11-km-din-autostrada-moldovei","status":"publish","type":"post","link":"https:\/\/247stiri.ro\/index.php\/2024\/11\/08\/marcel-ciolacu-de-vineri-se-vor-deschide-primii-11-km-din-autostrada-moldovei\/","title":{"rendered":"Marcel Ciolacu: \u201eDe vineri se vor deschide primii 11 km din Autostrada Moldovei\u201d"},"content":{"rendered":"<p>\u015eeful Executivului a ar\u0103tat c\u0103 e pentru prima oar\u0103 c\u00e2nd se face dreptate \u00een Moldova \u015fi a ad\u0103ugat c\u0103 se bucur\u0103 c\u0103 nici el \u015fi nici colegii lui din acest guvern, indiferent de culoarea politic\u0103, nu sunt ca al\u0163i fo\u015fti politicieni care doar au promis \u015fi nu au f\u0103cut.<\/p>\n<p>\u201dDe m\u00e2ine se vor deschide primii 11 km din autostrada Moldovei. Ar dori s\u0103-i fericit \u015fi pe domnul ministru \u015fi \u00eentreaga echip\u0103 de la minister, domnul Pistol de la CNAIR \u015fi, nu \u00een ultimul r\u00e2nd, pe constructori \u015fi pe constructorul principal, un rom\u00e2n. E acel sentiment de m\u00e2ndrie, mai ales c\u0103 vorbim de o companie rom\u00e2neasc\u0103, capital 100% rom\u00e2nesc, coordonat\u0103 de un constructor rom\u00e2n\u201d, a spus Ciolacu.\u00a0\u00a0Premierul a precizat c\u0103 urmeaz\u0103 s\u0103pt\u0103m\u00e2na viitoare urm\u0103torii 36 de km \u015fi pe urm\u0103 loturile 1 \u015fi 2, apoi lotul 3.\u00a0\u00a0\u00a0\u201dNe vom \u0163ine de cuv\u00e2nt. P\u00e2n\u0103 la sf\u00e2r\u015fitul anului se vor da \u00een circula\u0163ie 130 de km. E pentru prima oar\u0103 c\u00e2nd se face dreptate \u00een Moldova. Dup\u0103 30 de ani, \u00een sf\u00e2r\u015fit, vorbim de investi\u0163ii evidente, at\u00e2t \u00een infrastructur\u0103, c\u00e2t \u015fi \u00een \u00eenv\u0103\u0163\u0103m\u00e2ntul dual\u201d,\u00a0 completat premierul Ciolacu.\u00a0\u00a0El a ar\u0103tat c\u0103 s-a pornit \u015fi primul spital regional la Ia\u015fi \u015fi se porne\u015fte \u015fi spitalul de la Bac\u0103u.\u00a0\u201dEste \u015fi spitalul de la Foc\u015fani dimensionat, totu\u015fi \u00eentr-o limit\u0103 astfel \u00eenc\u00e2t s\u0103 fie sustenabil, dar este peste 100 de milioane de euro, aproape 300 de milioane de euro. Deci reechilibr\u0103m zonele de dezvoltare\u201d, a subliniat Marcel Ciolacu.\u00a0\u00a0\u015eeful Executivului a mai spus c\u0103 \u00een momentul \u00een care ai autostr\u0103zi, ai eficien\u0163\u0103, ai competitivitate.\u00a0\u00a0\u201dSunt felul convins c\u0103 viitoarea provocare vor fi \u00eenc\u0103rc\u0103ri \u015fi desc\u0103rc\u0103ri de pe autostrad\u0103, unde vor veni, cum e normal, investi\u0163ii. Investi\u0163ii \u00een zona privat\u0103. \u015ei aici ne \u00eentoarcem la acel plan pe care \u00eel avem pe urm\u0103torii patru ani, de reindustrializare, de investi\u0163ie \u00een zona de procesare\u201d, a \u0163inut s\u0103 precizeze Marcel Ciolacu.\u00a0\u00a0\u201dChiar m\u0103 simt m\u00e2ndru ast\u0103zi, mai ales c\u0103 e o zi at\u00e2t de superb\u0103 \u015fi, \u00een sf\u00e2r\u015fit, m\u0103 bucur c\u0103 nu sunt, nici eu, nici colegii mei din acest guvern, indiferent de culoarea politic\u0103, nu suntem ca al\u0163i fo\u015fti politicieni care doar au promis \u015fi nu au f\u0103cut, p\u00e2n\u0103 la urm\u0103. Este evident c\u0103 vorbim de lucruri concrete\u201d, a spus Ciolacu.\u00a0\u00a0<\/p>\n<p>CMF: 31240010<\/p>","protected":false},"excerpt":{"rendered":"<p>\u015eeful Executivului a ar\u0103tat c\u0103 e pentru prima oar\u0103 c\u00e2nd se face dreptate \u00een Moldova&hellip;<\/p>\n","protected":false},"author":0,"featured_media":5704,"comment_status":"open","ping_status":"open","sticky":false,"template":"","format":"standard","meta":{"footnotes":""},"categories":[3],"tags":[],"class_list":["post-5703","post","type-post","status-publish","format-standard","has-post-thumbnail","hentry","category-politica"],"_links":{"self":[{"href":"https:\/\/247stiri.ro\/index.php\/wp-json\/wp\/v2\/posts\/5703","targetHints":{"allow":["GET"]}}],"collection":[{"href":"https:\/\/247stiri.ro\/index.php\/wp-json\/wp\/v2\/posts"}],"about":[{"href":"https:\/\/247stiri.ro\/index.php\/wp-json\/wp\/v2\/types\/post"}],"replies":[{"embeddable":true,"href":"https:\/\/247stiri.ro\/index.php\/wp-json\/wp\/v2\/comments?post=5703"}],"version-history":[{"count":0,"href":"https:\/\/247stiri.ro\/index.php\/wp-json\/wp\/v2\/posts\/5703\/revisions"}],"wp:featuredmedia":[{"embeddable":true,"href":"https:\/\/247stiri.ro\/index.php\/wp-json\/wp\/v2\/media\/5704"}],"wp:attachment":[{"href":"https:\/\/247stiri.ro\/index.php\/wp-json\/wp\/v2\/media?parent=5703"}],"wp:term":[{"taxonomy":"category","embeddable":true,"href":"https:\/\/247stiri.ro\/index.php\/wp-json\/wp\/v2\/categories?post=5703"},{"taxonomy":"post_tag","embeddable":true,"href":"https:\/\/247stiri.ro\/index.php\/wp-json\/wp\/v2\/tags?post=5703"}],"curies":[{"name":"wp","href":"https:\/\/api.w.org\/{rel}","templated":true}]}}