{"id":57057,"date":"2026-01-09T07:45:28","date_gmt":"2026-01-09T07:45:28","guid":{"rendered":"https:\/\/247stiri.ro\/index.php\/2026\/01\/09\/jurnalistul-care-a-contestat-scenariul-escortei-aeriene-de-recunostinta-revine-cu-o-replica-dura-la-adresa-lui-nicusor-dan-ati-cam-exagerat-cu-tonul-cu-atitudinea-in-general\/"},"modified":"2026-01-09T07:45:28","modified_gmt":"2026-01-09T07:45:28","slug":"jurnalistul-care-a-contestat-scenariul-escortei-aeriene-de-recunostinta-revine-cu-o-replica-dura-la-adresa-lui-nicusor-dan-ati-cam-exagerat-cu-tonul-cu-atitudinea-in-general","status":"publish","type":"post","link":"https:\/\/247stiri.ro\/index.php\/2026\/01\/09\/jurnalistul-care-a-contestat-scenariul-escortei-aeriene-de-recunostinta-revine-cu-o-replica-dura-la-adresa-lui-nicusor-dan-ati-cam-exagerat-cu-tonul-cu-atitudinea-in-general\/","title":{"rendered":"Jurnalistul care a contestat scenariul \u201eescortei aeriene de recuno\u0219tin\u021b\u0103\u201d revine cu o replic\u0103 dur\u0103 la adresa lui Nicu\u0219or Dan: A\u021bi cam exagerat cu tonul, cu atitudinea \u00een general"},"content":{"rendered":"<p>\u00cen dou\u0103 post\u0103ri ample, De Hillerin \u00eel acuz\u0103 pe \u0219eful statului c\u0103 ar fi folosit un ton exagerat \u0219i c\u0103 ar generaliza nejustificat, preciz\u00e2nd c\u0103 materialul s\u0103u se bazeaz\u0103 pe un r\u0103spuns oficial al purt\u0103torului de cuv\u00e2nt al armatei elve\u021biene, Mathias Volken. Acesta ar fi confirmat, potrivit jurnalistului, c\u0103 zborul avioanelor F\/A-18 \u00een apropierea aeronavei Spartan a fost o misiune de rutin\u0103, una dintre cele peste 200 desf\u0103\u0219urate anual de avia\u021bia elve\u021bian\u0103.<\/p>\n\n<p>Jurnalistul respinge acuza\u021bia de dezinformare \u0219i \u00eentreab\u0103 public dac\u0103 pre\u0219edintele consider\u0103 c\u0103 \u0219i comunicarea oficial\u0103 a armatei elve\u021biene ar fi fals\u0103. De Hillerin critic\u0103 \u0219i afirma\u021bia pre\u0219edintelui potrivit c\u0103reia reac\u021biile din pres\u0103 ar reprezenta \u201eun atac la adresa imaginii \u0219i credibilit\u0103\u021bii \u021b\u0103rii\u201d, sus\u021bin\u00e2nd c\u0103 responsabilitatea pentru credibilitatea institu\u021biilor statului apar\u021bine clasei politice.<\/p>\n\n<p>\u00a0<\/p>\n<p>\u00cen finalul mesajului, acesta compar\u0103 declara\u021biile recente ale pre\u0219edintelui cu promisiuni politice anterioare, afirm\u00e2nd c\u0103 prefer\u0103 s\u0103 cread\u0103 informa\u021biile oficiale venite din Elve\u021bia.<\/p>\n<p>\u00a0<\/p>","protected":false},"excerpt":{"rendered":"<p>\u00cen dou\u0103 post\u0103ri ample, De Hillerin \u00eel acuz\u0103 pe \u0219eful statului c\u0103 ar fi folosit&hellip;<\/p>\n","protected":false},"author":0,"featured_media":57050,"comment_status":"open","ping_status":"open","sticky":false,"template":"","format":"standard","meta":{"footnotes":""},"categories":[2],"tags":[],"class_list":["post-57057","post","type-post","status-publish","format-standard","has-post-thumbnail","hentry","category-actual"],"_links":{"self":[{"href":"https:\/\/247stiri.ro\/index.php\/wp-json\/wp\/v2\/posts\/57057","targetHints":{"allow":["GET"]}}],"collection":[{"href":"https:\/\/247stiri.ro\/index.php\/wp-json\/wp\/v2\/posts"}],"about":[{"href":"https:\/\/247stiri.ro\/index.php\/wp-json\/wp\/v2\/types\/post"}],"replies":[{"embeddable":true,"href":"https:\/\/247stiri.ro\/index.php\/wp-json\/wp\/v2\/comments?post=57057"}],"version-history":[{"count":0,"href":"https:\/\/247stiri.ro\/index.php\/wp-json\/wp\/v2\/posts\/57057\/revisions"}],"wp:featuredmedia":[{"embeddable":true,"href":"https:\/\/247stiri.ro\/index.php\/wp-json\/wp\/v2\/media\/57050"}],"wp:attachment":[{"href":"https:\/\/247stiri.ro\/index.php\/wp-json\/wp\/v2\/media?parent=57057"}],"wp:term":[{"taxonomy":"category","embeddable":true,"href":"https:\/\/247stiri.ro\/index.php\/wp-json\/wp\/v2\/categories?post=57057"},{"taxonomy":"post_tag","embeddable":true,"href":"https:\/\/247stiri.ro\/index.php\/wp-json\/wp\/v2\/tags?post=57057"}],"curies":[{"name":"wp","href":"https:\/\/api.w.org\/{rel}","templated":true}]}}