{"id":5707,"date":"2024-11-08T13:01:50","date_gmt":"2024-11-08T13:01:50","guid":{"rendered":"https:\/\/247stiri.ro\/index.php\/2024\/11\/08\/incendiu-masiv-de-vegetatie-mehedinti-doua-aeronave-spartan-trimise-in-sprijinul-pompierilor-680-de-hectare-afectate\/"},"modified":"2024-11-08T13:01:50","modified_gmt":"2024-11-08T13:01:50","slug":"incendiu-masiv-de-vegetatie-mehedinti-doua-aeronave-spartan-trimise-in-sprijinul-pompierilor-680-de-hectare-afectate","status":"publish","type":"post","link":"https:\/\/247stiri.ro\/index.php\/2024\/11\/08\/incendiu-masiv-de-vegetatie-mehedinti-doua-aeronave-spartan-trimise-in-sprijinul-pompierilor-680-de-hectare-afectate\/","title":{"rendered":"Incendiu masiv de vegeta\u021bie Mehedin\u021bi. Dou\u0103 aeronave SPARTAN, trimise \u00een sprijinul pompierilor: 680 de hectare afectate"},"content":{"rendered":"<p>\u201dMinistrul ap\u0103r\u0103rii na\u0163ionale, Angel T\u00eelv\u0103r, a aprobat, \u00een regim de urgen\u0163\u0103, ca dou\u0103 aeronave C-27J Spartan ale For\u0163elor Aeriene Rom\u00e2ne s\u0103 ac\u0163ioneze vineri, 8 noiembrie, pentru stingerea incendiului de p\u0103dure declan\u015fat \u00een zona fondului forestier al localit\u0103\u0163ii Moise\u015fti, jude\u0163ul Mehedin\u0163i. Aeronavele au decolat din Baza 90 Transport Aerian Otopeni, \u00een jurul orei 10.00, pentru executarea primei misiuni, \u015fi \u00een jurul orei 13.00, pentru cea de-a doua misiune\u201d, a transmis, vineri, Ministerul Ap\u0103r\u0103rii.<\/p>\n<p>Zborurile se desf\u0103\u015foar\u0103 la solicitarea Departamentului pentru Situa\u0163ii de Urgen\u0163\u0103 din cadrul Ministerului Afacerilor Interne, av\u00e2nd \u00een vedere c\u0103 exist\u0103 riscul de propagare a incendiului la alte suprafe\u0163e de p\u0103dure \u015fi c\u0103 ac\u0163iunile for\u0163elor de interven\u0163ie specializate sunt \u00eengreunate de terenul accidentat \u015fi de lipsa surselor de ap\u0103.<\/p>\n<p>Aeronavele C-27J Spartan pot transporta p\u00e2n\u0103 la 6.000 de litri de ap\u0103 (maxim \u015fase containere) la fiecare trecere.<\/p>\n<p>ISU Mehedin\u0163i a precizat c\u0103 ac\u0163ioneaz\u0103 \u00een continuare pentru stingerea mai multor focare de incendiu manifestate la fond forestier, litier\u0103 \u015fi vegeta\u0163ie uscat\u0103, pe raza localit\u0103\u0163ilor Svini\u0163a (zona Eibenthal), Ilovi\u0163a (zona Moise\u015fti) \u015fi Cire\u015fu (zona Negru\u015fa).<\/p>\n<p>\u201d\u015ei ast\u0103zi, intervin peste 50 de pompieri cu dou\u0103 autospeciale de stingere, o autospecial\u0103 de prim\u0103 interven\u0163ie \u015fi comand\u0103, dou\u0103 microbuze, un ATV, saci sting\u0103tori, atomizoare \u015fi unelte genistice pentru limitarea \u015fi stingerea acestor incendii izbucnite acum 5 zile. \u00cen aceste momente, focarele sunt izolate, f\u0103r\u0103 risc de propagare la gospod\u0103riile cet\u0103\u0163enilor\u201d, a transmis ISU Mehedin\u0163i.<\/p>\n<p>Potrivit pompierilor, p\u00e2n\u0103 joi au fost afectate peste 680 de hectare de litier\u0103 \u015fi vegeta\u0163ie uscat\u0103.\u00a0<\/p>\n<p>\u201dInterven\u0163iile sunt dificile, deoarece fl\u0103c\u0103rile se manifest\u0103 \u00een zone abrupte, greu accesibile pentru echipaje \u015fi focul risc\u0103 s\u0103 se extind\u0103 cu repeziciune din cauza usc\u0103ciunii \u015fi a curen\u0163ilor de aer care \u00eentre\u0163in arderea. Pompierii mehedin\u0163eni depun eforturi considerabile \u00een aceast\u0103 perioad\u0103, parcurg\u00e2nd ore \u00eentregi pe jos, pentru a limita efectele incendiilor de vegeta\u0163ie uscat\u0103 \u015fi fond forestier. Mobilizarea rapid\u0103 a efectivelor libere este esen\u0163ial\u0103 \u00een gestionarea acestor situa\u0163ii, pompierii reu\u015find s\u0103 diminueze semnificativ pericolul pentru comunit\u0103\u0163i\u201d, a mai transmis ISU Mehedin\u0163i.<\/p>\n<p>Institu\u0163ia anun\u0163\u0103 c\u0103, tot joi, pompierii au ac\u0163ionat pentru stingerea altor opt incendii izbucnite la vegeta\u0163ie uscat\u0103, unde flac\u0103rile au cuprins 61 de hectare de litier\u0103 \u015fi 64 de hectare de vegeta\u0163ie uscat\u0103.<\/p>","protected":false},"excerpt":{"rendered":"<p>\u201dMinistrul ap\u0103r\u0103rii na\u0163ionale, Angel T\u00eelv\u0103r, a aprobat, \u00een regim de urgen\u0163\u0103, ca dou\u0103 aeronave C-27J&hellip;<\/p>\n","protected":false},"author":0,"featured_media":5708,"comment_status":"open","ping_status":"open","sticky":false,"template":"","format":"standard","meta":{"footnotes":""},"categories":[2],"tags":[],"class_list":["post-5707","post","type-post","status-publish","format-standard","has-post-thumbnail","hentry","category-actual"],"_links":{"self":[{"href":"https:\/\/247stiri.ro\/index.php\/wp-json\/wp\/v2\/posts\/5707","targetHints":{"allow":["GET"]}}],"collection":[{"href":"https:\/\/247stiri.ro\/index.php\/wp-json\/wp\/v2\/posts"}],"about":[{"href":"https:\/\/247stiri.ro\/index.php\/wp-json\/wp\/v2\/types\/post"}],"replies":[{"embeddable":true,"href":"https:\/\/247stiri.ro\/index.php\/wp-json\/wp\/v2\/comments?post=5707"}],"version-history":[{"count":0,"href":"https:\/\/247stiri.ro\/index.php\/wp-json\/wp\/v2\/posts\/5707\/revisions"}],"wp:featuredmedia":[{"embeddable":true,"href":"https:\/\/247stiri.ro\/index.php\/wp-json\/wp\/v2\/media\/5708"}],"wp:attachment":[{"href":"https:\/\/247stiri.ro\/index.php\/wp-json\/wp\/v2\/media?parent=5707"}],"wp:term":[{"taxonomy":"category","embeddable":true,"href":"https:\/\/247stiri.ro\/index.php\/wp-json\/wp\/v2\/categories?post=5707"},{"taxonomy":"post_tag","embeddable":true,"href":"https:\/\/247stiri.ro\/index.php\/wp-json\/wp\/v2\/tags?post=5707"}],"curies":[{"name":"wp","href":"https:\/\/api.w.org\/{rel}","templated":true}]}}