{"id":5709,"date":"2024-11-08T13:01:50","date_gmt":"2024-11-08T13:01:50","guid":{"rendered":"https:\/\/247stiri.ro\/index.php\/2024\/11\/08\/elev-de-15-ani-in-arest-la-domiciliu-dupa-ce-a-fost-prins-in-flagrant-in-timp-ce-vindea-droguri-colegilor\/"},"modified":"2024-11-08T13:01:50","modified_gmt":"2024-11-08T13:01:50","slug":"elev-de-15-ani-in-arest-la-domiciliu-dupa-ce-a-fost-prins-in-flagrant-in-timp-ce-vindea-droguri-colegilor","status":"publish","type":"post","link":"https:\/\/247stiri.ro\/index.php\/2024\/11\/08\/elev-de-15-ani-in-arest-la-domiciliu-dupa-ce-a-fost-prins-in-flagrant-in-timp-ce-vindea-droguri-colegilor\/","title":{"rendered":"Elev de 15 ani, \u00een arest la domiciliu dup\u0103 ce a fost prins \u00een flagrant \u00een timp ce vindea DROGURI colegilor"},"content":{"rendered":"<p>\u201dLa data de 6 noiembrie 2024, poli\u0163i\u015ftii Brig\u0103zii de Combatere a Criminalit\u0103\u0163ii Organizate Bucure\u015fti \u015fi procurorii Direc\u0163iei de Investigare a Infrac\u0163iunilor de Criminalitate Organizat\u0103 \u015fi Terorism \u2013 Structura Central\u0103, au documentat activitatea infrac\u0163ional\u0103 a unui minor, de 15 ani, cercetat sub aspectul s\u0103v\u00e2r\u015firii infrac\u0163iunii de trafic de droguri de risc. \u00cen aceea\u015fi zi, acesta a fost depistat \u00een incinta unit\u0103\u0163ii de \u00eenv\u0103\u0163\u0103m\u00e2nt \u00een care este \u00eenmatriculat, av\u00e2nd asupra sa dou\u0103 flacoane con\u0163in\u00e2nd 36 de comprimate cu substan\u0163a activ\u0103 clonazepam (drog de risc)\u201d, a anun\u021bat, vineri, DIICOT \u00eentr-un comunicat.<\/p>\n<p>Investiga\u021biile au demonstrat faptul c\u0103 adolescentul transforma \u0219coala \u00eentr-un punct de distribu\u021bie a drogurilor de risc, v\u00e2nz\u00e2nd substan\u021be interzise colegilor s\u0103i, au ar\u0103tat reprezentan\u021bii DIICOT.<\/p>\n<p>\u201d\u00cen cauz\u0103, a fost dispus\u0103 re\u0163inerea minorului. Ieri, judec\u0103torul de drepturi \u015fi libert\u0103\u0163i din cadrul Tribunalului Bucure\u015fti a dispus arestarea la domiciliu a celui \u00een cauz\u0103, pentru 30 de zile\u201d.<\/p>\n<p>Procurorii Direc\u021biei de Investigare a Infrac\u021biunilor de Criminalitate Organizat\u0103 \u0219i Terorism &#8211; Structura Central\u0103 au formulat o contesta\u021bie.<\/p>","protected":false},"excerpt":{"rendered":"<p>\u201dLa data de 6 noiembrie 2024, poli\u0163i\u015ftii Brig\u0103zii de Combatere a Criminalit\u0103\u0163ii Organizate Bucure\u015fti \u015fi&hellip;<\/p>\n","protected":false},"author":0,"featured_media":5710,"comment_status":"open","ping_status":"open","sticky":false,"template":"","format":"standard","meta":{"footnotes":""},"categories":[2],"tags":[],"class_list":["post-5709","post","type-post","status-publish","format-standard","has-post-thumbnail","hentry","category-actual"],"_links":{"self":[{"href":"https:\/\/247stiri.ro\/index.php\/wp-json\/wp\/v2\/posts\/5709","targetHints":{"allow":["GET"]}}],"collection":[{"href":"https:\/\/247stiri.ro\/index.php\/wp-json\/wp\/v2\/posts"}],"about":[{"href":"https:\/\/247stiri.ro\/index.php\/wp-json\/wp\/v2\/types\/post"}],"replies":[{"embeddable":true,"href":"https:\/\/247stiri.ro\/index.php\/wp-json\/wp\/v2\/comments?post=5709"}],"version-history":[{"count":0,"href":"https:\/\/247stiri.ro\/index.php\/wp-json\/wp\/v2\/posts\/5709\/revisions"}],"wp:featuredmedia":[{"embeddable":true,"href":"https:\/\/247stiri.ro\/index.php\/wp-json\/wp\/v2\/media\/5710"}],"wp:attachment":[{"href":"https:\/\/247stiri.ro\/index.php\/wp-json\/wp\/v2\/media?parent=5709"}],"wp:term":[{"taxonomy":"category","embeddable":true,"href":"https:\/\/247stiri.ro\/index.php\/wp-json\/wp\/v2\/categories?post=5709"},{"taxonomy":"post_tag","embeddable":true,"href":"https:\/\/247stiri.ro\/index.php\/wp-json\/wp\/v2\/tags?post=5709"}],"curies":[{"name":"wp","href":"https:\/\/api.w.org\/{rel}","templated":true}]}}