{"id":57123,"date":"2026-01-09T10:45:22","date_gmt":"2026-01-09T10:45:22","guid":{"rendered":"https:\/\/247stiri.ro\/index.php\/2026\/01\/09\/nicusor-dan-atac-fara-precedent-la-adresa-jurnalistilor-realitatii-plus-se-incearca-desfiintarea-televiziunii-poporului-foto\/"},"modified":"2026-01-09T10:45:22","modified_gmt":"2026-01-09T10:45:22","slug":"nicusor-dan-atac-fara-precedent-la-adresa-jurnalistilor-realitatii-plus-se-incearca-desfiintarea-televiziunii-poporului-foto","status":"publish","type":"post","link":"https:\/\/247stiri.ro\/index.php\/2026\/01\/09\/nicusor-dan-atac-fara-precedent-la-adresa-jurnalistilor-realitatii-plus-se-incearca-desfiintarea-televiziunii-poporului-foto\/","title":{"rendered":"Nicu\u0219or Dan, atac f\u0103r\u0103 precedent la adresa jurnali\u0219tilor Realit\u0103\u021bii Plus. Se \u00eencearc\u0103 desfiin\u021barea Televiziunii Poporului &#8211; FOTO"},"content":{"rendered":"<p>\u201eA venit vremea cur\u0103\u021benii at\u00e2t \u00een pres\u0103 c\u00e2t \u0219i \u00een justi\u021bie\u201d, a scris un internaut \u00een rubrica de comentarii.<\/p>\n<p>O alt\u0103 persoan\u0103 spune: \u201eVota\u021bi cu un like dac\u0103 dori\u021bi desfin\u021barea postului Realitatea TV\u201d.<\/p>\n<p>Jurnali\u0219tii de la Realitatea Plus \u0219i nu numai nu au nicio vin\u0103, \u00eentruc\u00e2t \u00ee\u0219i fac treaba, analiz\u00e2nd anumite subiecte \u0219i demasc\u00e2nd ceea ce se \u00eent\u00e2mpl\u0103 la v\u00e2rful statului.<\/p>\n<p>\u201eAm auzit foarte multe dezinform\u0103ri, \u00een special din partea Rom\u00e2nia TV \u0219i Realitatea Plus. Acest jurnalism este unul populist care comploteaz\u0103 \u00een permanen\u021b\u0103. Este incredibil cum mul\u021bi rom\u00e2ni cred \u00een astfel de conspira\u021bii \u0219i minciuni. Rom\u00e2nia are \u00een dumneavoastr\u0103 un pre\u0219edinte de valoare cum nu am v\u0103zut \u00een ultimii ani\u201d, mai spune o alt\u0103 persoan\u0103.<\/p>\n<p>Pre\u0219edintele Nicu\u0219or Dan a atacat jurnali\u0219tii. Asta pentru c\u0103 Realitatea Plus, cel pu\u021bin, a cerut un r\u0103spuns oficial din partea armatei din Elve\u021bia. De asemenea, Realitatea Plus se bazeaz\u0103 pe r\u0103spunsuri oficiale.<\/p>\n<p>\u201eFelicit\u0103ri, domnul Nicu\u0219or Dan, pre\u0219edinte, foarte bine c\u0103 face\u021bi lumin\u0103 \u00een acest caz\u201d, a mai transmis un alt internaut.<\/p>\n<p>Oamenii din comentarii o acuz\u0103 \u0219i pe moderatoarea emisiunii Culisele Statului Paralel, Anca Alexandrescu, c\u0103 a min\u021bit. Oamenii din comentarii nu scriu \u00eens\u0103 \u0219i cu ce a min\u021bit jurnalista.<\/p>\n<p>\u201eAm v\u0103zut ce jurnali\u0219ti au dezinformat, \u00eei putem pedepsi prin a-i l\u0103sa f\u0103r\u0103 audien\u021b\u0103 \u0219i urm\u0103ritori. Sau ar putea exista ni\u0219te consecin\u021be pentru a avea un mediu online mai corect. Pentru asta ar trebui schimbate legi\u201d, mai spune un alt rom\u00e2n \u00eentr-unul dintre comentariile la postarea lui Nicu\u0219or Dan.<\/p>\n<p>\u00centrebarea care trebuie pus\u0103 este cum o s\u0103 fac\u0103 pre\u0219edintele diferen\u021ba \u00eentre o \u0219ire fals\u0103 \u0219i una adev\u0103rat\u0103? Cum va lupta \u00eempotriva dezinform\u0103rii? Oare se va baza pe comentariile acestor oameni dup\u0103 ce a instigat la ur\u0103 \u00eempotriva jurnali\u0219tilor? Asta dup\u0103 ce Realitatea Plus \u0219i-a f\u0103cut treaba. De asemenea, nu trebuie uitat c\u0103 pre\u0219edintele pleac\u0103 \u00een depl\u0103s\u0103ri doar cu jurnali\u0219tii de cas\u0103.<\/p>\n<p>Mai trebuie men\u021bionat c\u0103 postul Realitatea Plus n-a fost chemat acolo, asta poate pentru c\u0103 de multe ori jurnali\u0219tii Televiziunii Poporului i-au pus lui Nicu\u0219or Dan cele mai incomode \u00eentreb\u0103ri lui Nicu\u0219or Dan, care l-au deranjat \u0219i n-a vrut s\u0103 fie deranjat \u0219i \u00een acea plecare oficial\u0103, la summit-ul de la Paris.<\/p>\n<p>\u00a0\u00a0\u00a0\u00a0\u00a0Vezi aceast\u0103 postare pe Instagram\u00a0\u00a0\u00a0\u00a0\u00a0\u00a0\u00a0\u00a0\u00a0\u00a0\u00a0<\/p>\n<p><a href=\"https:\/\/www.instagram.com\/reel\/DTRGSykCPAv\/?utm_source=ig_embed&amp;utm_campaign=loading\" target=\"_blank\">O postare distribuit\u0103 de Nicus\u0326or Dan (@nicusordanro)<\/a><\/p>","protected":false},"excerpt":{"rendered":"<p>\u201eA venit vremea cur\u0103\u021benii at\u00e2t \u00een pres\u0103 c\u00e2t \u0219i \u00een justi\u021bie\u201d, a scris un internaut&hellip;<\/p>\n","protected":false},"author":0,"featured_media":57114,"comment_status":"open","ping_status":"open","sticky":false,"template":"","format":"standard","meta":{"footnotes":""},"categories":[2],"tags":[],"class_list":["post-57123","post","type-post","status-publish","format-standard","has-post-thumbnail","hentry","category-actual"],"_links":{"self":[{"href":"https:\/\/247stiri.ro\/index.php\/wp-json\/wp\/v2\/posts\/57123","targetHints":{"allow":["GET"]}}],"collection":[{"href":"https:\/\/247stiri.ro\/index.php\/wp-json\/wp\/v2\/posts"}],"about":[{"href":"https:\/\/247stiri.ro\/index.php\/wp-json\/wp\/v2\/types\/post"}],"replies":[{"embeddable":true,"href":"https:\/\/247stiri.ro\/index.php\/wp-json\/wp\/v2\/comments?post=57123"}],"version-history":[{"count":0,"href":"https:\/\/247stiri.ro\/index.php\/wp-json\/wp\/v2\/posts\/57123\/revisions"}],"wp:featuredmedia":[{"embeddable":true,"href":"https:\/\/247stiri.ro\/index.php\/wp-json\/wp\/v2\/media\/57114"}],"wp:attachment":[{"href":"https:\/\/247stiri.ro\/index.php\/wp-json\/wp\/v2\/media?parent=57123"}],"wp:term":[{"taxonomy":"category","embeddable":true,"href":"https:\/\/247stiri.ro\/index.php\/wp-json\/wp\/v2\/categories?post=57123"},{"taxonomy":"post_tag","embeddable":true,"href":"https:\/\/247stiri.ro\/index.php\/wp-json\/wp\/v2\/tags?post=57123"}],"curies":[{"name":"wp","href":"https:\/\/api.w.org\/{rel}","templated":true}]}}