{"id":57168,"date":"2026-01-09T12:45:00","date_gmt":"2026-01-09T12:45:00","guid":{"rendered":"https:\/\/247stiri.ro\/index.php\/2026\/01\/09\/copil-ranit-dupa-ce-un-dulap-s-a-prabusit-peste-ele-incident-grav-la-o-gradinita-din-baia-mare\/"},"modified":"2026-01-09T12:45:00","modified_gmt":"2026-01-09T12:45:00","slug":"copil-ranit-dupa-ce-un-dulap-s-a-prabusit-peste-ele-incident-grav-la-o-gradinita-din-baia-mare","status":"publish","type":"post","link":"https:\/\/247stiri.ro\/index.php\/2026\/01\/09\/copil-ranit-dupa-ce-un-dulap-s-a-prabusit-peste-ele-incident-grav-la-o-gradinita-din-baia-mare\/","title":{"rendered":"Copil r\u0103nit dup\u0103 ce un dulap s-a pr\u0103bu\u0219it peste ele: incident grav la o gr\u0103dini\u021b\u0103 din Baia Mare"},"content":{"rendered":"<p>Din primele informa\u021bii, incidentul s-a petrecut joi la o gr\u0103dini\u021b\u0103 cu program prelungit din Baia Mare. Copilul a fost r\u0103nit dup\u0103 ce un dulap s-a desprins de pe perete \u0219i a c\u0103zut peste el, lovindu-l puternic \u00een zona capului. Totul s-ar fi \u00eent\u00e2mplat sub privirile neputincioase ale unei educatoare, potrivit site-ului <a href=\"https:\/\/vasiledale.ro\/2026\/01\/09\/exclusiv-un-copilas-a-ajuns-la-spital-dupa-ce-un-dulap-i-a-cazut-in-cap-la-gradinita-otilia-cazimir-din-baia-mare-micutul-a-ramas-internat\/\" target=\"_blank\">vasiledale.ro<\/a>.<\/p>\n<p>Micu\u021bul a fost preluat de un echipaj SMURD, fiind transportat la Spitalul Jude\u021bean de Urgen\u021b\u0103 Baia Mare unde a r\u0103mas internat. Din fericire, acesta este \u00een afara oric\u0103rui pericol.<\/p>\n<p>\u201dIeri (joi &#8211; n.r.) la Gr\u0103dini\u021ba Otilia Cazimir structura \u0218colii Generale Nr. 5 am avut un incident \u00een timpul programului un element de mobilier s-a r\u0103sturnat accidental, minorul fiind surprins de acesta. Personalul gr\u0103dini\u021bei a intervenit imediat. Am solicitat sprijin medical prin serviciul de urgen\u021b\u0103 \u0219i a fost informa\u021bi p\u0103rin\u021bii. Copilul a fost transportat la Spitalul Jude\u021bean fiind \u00een afara pericolului. Eveniimentul este analizat la nivelul institu\u021biei de \u00eenv\u0103\u021b\u0103m\u00e2nt.<\/p>\n<p>Copiii erau la baie cu \u00eengrijitoarea. Copilul acesta a fost scos din grup \u0219i dus \u00een sal\u0103 \u00eempreun\u0103 cu doamna educatoare. Se preg\u0103tea s\u0103 plece acas\u0103 la ora 12.00 familia a venit s\u0103 \u00eel ia. \u0218i la un moment s-a prins de dulap, acesta s-a desprins \u0219i a c\u0103zut pe copil. Nu \u0219tim exact cum s-a produs. Cel mai importat este faptul c\u0103 pre\u0219ecolarul este bine \u0219i via\u021ba nu \u00eei este pus\u0103 \u00een pericol,\u201d a declarat Mihai Pop, inspector general ISJ Maramure\u0219.<\/p>","protected":false},"excerpt":{"rendered":"<p>Din primele informa\u021bii, incidentul s-a petrecut joi la o gr\u0103dini\u021b\u0103 cu program prelungit din Baia&hellip;<\/p>\n","protected":false},"author":0,"featured_media":57169,"comment_status":"open","ping_status":"open","sticky":false,"template":"","format":"standard","meta":{"footnotes":""},"categories":[2],"tags":[],"class_list":["post-57168","post","type-post","status-publish","format-standard","has-post-thumbnail","hentry","category-actual"],"_links":{"self":[{"href":"https:\/\/247stiri.ro\/index.php\/wp-json\/wp\/v2\/posts\/57168","targetHints":{"allow":["GET"]}}],"collection":[{"href":"https:\/\/247stiri.ro\/index.php\/wp-json\/wp\/v2\/posts"}],"about":[{"href":"https:\/\/247stiri.ro\/index.php\/wp-json\/wp\/v2\/types\/post"}],"replies":[{"embeddable":true,"href":"https:\/\/247stiri.ro\/index.php\/wp-json\/wp\/v2\/comments?post=57168"}],"version-history":[{"count":0,"href":"https:\/\/247stiri.ro\/index.php\/wp-json\/wp\/v2\/posts\/57168\/revisions"}],"wp:featuredmedia":[{"embeddable":true,"href":"https:\/\/247stiri.ro\/index.php\/wp-json\/wp\/v2\/media\/57169"}],"wp:attachment":[{"href":"https:\/\/247stiri.ro\/index.php\/wp-json\/wp\/v2\/media?parent=57168"}],"wp:term":[{"taxonomy":"category","embeddable":true,"href":"https:\/\/247stiri.ro\/index.php\/wp-json\/wp\/v2\/categories?post=57168"},{"taxonomy":"post_tag","embeddable":true,"href":"https:\/\/247stiri.ro\/index.php\/wp-json\/wp\/v2\/tags?post=57168"}],"curies":[{"name":"wp","href":"https:\/\/api.w.org\/{rel}","templated":true}]}}