{"id":57202,"date":"2026-01-09T14:45:17","date_gmt":"2026-01-09T14:45:17","guid":{"rendered":"https:\/\/247stiri.ro\/index.php\/2026\/01\/09\/psd-decizia-ministerului-de-externe-de-a-vota-acordul-ue-mercosur-in-forma-actuala-reprezinta-un-act-de-tradare-a-intereselor-fermierilor-romani\/"},"modified":"2026-01-09T14:45:17","modified_gmt":"2026-01-09T14:45:17","slug":"psd-decizia-ministerului-de-externe-de-a-vota-acordul-ue-mercosur-in-forma-actuala-reprezinta-un-act-de-tradare-a-intereselor-fermierilor-romani","status":"publish","type":"post","link":"https:\/\/247stiri.ro\/index.php\/2026\/01\/09\/psd-decizia-ministerului-de-externe-de-a-vota-acordul-ue-mercosur-in-forma-actuala-reprezinta-un-act-de-tradare-a-intereselor-fermierilor-romani\/","title":{"rendered":"PSD: Decizia Ministerului de Externe de a vota Acordul UE-Mercosur \u00een forma actual\u0103 reprezint\u0103 un act de tr\u0103dare a intereselor fermierilor rom\u00e2ni"},"content":{"rendered":"<p>\u200bPSD consider\u0103 c\u0103 aceast\u0103 decizie reprezint\u0103 un act de tr\u0103dare a intereselor fermierilor rom\u00e2ni, mai ales \u00een condi\u021biile \u00een care ministrul PSD al Agriculturii, Florin Barbu, a semnalat \u00een mai multe r\u00e2nduri c\u0103 semnarea acordului f\u0103r\u0103 aceste garan\u021bii va afecta puternic agricultura rom\u00e2neasc\u0103. Este revolt\u0103tor faptul c\u0103 mini\u0219trii USR de la Externe \u0219i de la Economie au avizat Memorandumul privind Acordul UE-Mercosur, f\u0103r\u0103 s\u0103 se fi consultat m\u0103car cu fermierii rom\u00e2ni \u0219i f\u0103r\u0103 s\u0103 \u021bin\u0103 cont de obiec\u021biile formulate de Ministerul Agriculturii.<\/p>\n<p>\u200bPSD solicit\u0103 prim-ministrului Ilie Bolojan s\u0103 precizeze dac\u0103 a avut cuno\u0219tin\u021b\u0103 \u0219i dac\u0103 a aprobat mandatul primit de reprezentantul Rom\u00e2niei \u00een COREPER \u00een leg\u0103tur\u0103 cu Acordul UE-Mercosur.<\/p>\n<p>\u200b\u00cen contextul dat, PSD anun\u021b\u0103 ca va folosi toate p\u00e2rghiile \u0219i toate procedurile existente la nivelul Parlamentului European pentru amendarea Acordului UE-Mercosur \u00een sensul protej\u0103rii intereselor fermierilor rom\u00e2ni \u0219i europeni. Nu putem avea o competi\u021bie loial\u0103 pe pia\u021ba european\u0103 dac\u0103 vom accepta importul unor produse realizate f\u0103r\u0103 constr\u00e2ngerile impuse fermierilor europeni cu privire la siguran\u021ba alimentar\u0103, protec\u021bia mediului, bun\u0103starea animalelor \u0219i regimul utiliz\u0103rii pesticidelor.<\/p>","protected":false},"excerpt":{"rendered":"<p>\u200bPSD consider\u0103 c\u0103 aceast\u0103 decizie reprezint\u0103 un act de tr\u0103dare a intereselor fermierilor rom\u00e2ni, mai&hellip;<\/p>\n","protected":false},"author":0,"featured_media":57203,"comment_status":"open","ping_status":"open","sticky":false,"template":"","format":"standard","meta":{"footnotes":""},"categories":[3],"tags":[],"class_list":["post-57202","post","type-post","status-publish","format-standard","has-post-thumbnail","hentry","category-politica"],"_links":{"self":[{"href":"https:\/\/247stiri.ro\/index.php\/wp-json\/wp\/v2\/posts\/57202","targetHints":{"allow":["GET"]}}],"collection":[{"href":"https:\/\/247stiri.ro\/index.php\/wp-json\/wp\/v2\/posts"}],"about":[{"href":"https:\/\/247stiri.ro\/index.php\/wp-json\/wp\/v2\/types\/post"}],"replies":[{"embeddable":true,"href":"https:\/\/247stiri.ro\/index.php\/wp-json\/wp\/v2\/comments?post=57202"}],"version-history":[{"count":0,"href":"https:\/\/247stiri.ro\/index.php\/wp-json\/wp\/v2\/posts\/57202\/revisions"}],"wp:featuredmedia":[{"embeddable":true,"href":"https:\/\/247stiri.ro\/index.php\/wp-json\/wp\/v2\/media\/57203"}],"wp:attachment":[{"href":"https:\/\/247stiri.ro\/index.php\/wp-json\/wp\/v2\/media?parent=57202"}],"wp:term":[{"taxonomy":"category","embeddable":true,"href":"https:\/\/247stiri.ro\/index.php\/wp-json\/wp\/v2\/categories?post=57202"},{"taxonomy":"post_tag","embeddable":true,"href":"https:\/\/247stiri.ro\/index.php\/wp-json\/wp\/v2\/tags?post=57202"}],"curies":[{"name":"wp","href":"https:\/\/api.w.org\/{rel}","templated":true}]}}