{"id":57206,"date":"2026-01-09T14:45:19","date_gmt":"2026-01-09T14:45:19","guid":{"rendered":"https:\/\/247stiri.ro\/index.php\/2026\/01\/09\/situatia-alimentarii-cu-energie-electrica-doar-4-000-de-gospodarii-mai-sunt-afectate-interventiile-deer-in-muntii-apuseni\/"},"modified":"2026-01-09T14:45:19","modified_gmt":"2026-01-09T14:45:19","slug":"situatia-alimentarii-cu-energie-electrica-doar-4-000-de-gospodarii-mai-sunt-afectate-interventiile-deer-in-muntii-apuseni","status":"publish","type":"post","link":"https:\/\/247stiri.ro\/index.php\/2026\/01\/09\/situatia-alimentarii-cu-energie-electrica-doar-4-000-de-gospodarii-mai-sunt-afectate-interventiile-deer-in-muntii-apuseni\/","title":{"rendered":"Situa\u021bia aliment\u0103rii cu energie electric\u0103: doar 4.000 de gospod\u0103rii mai sunt afectate. Interven\u021biile DEER \u00een Mun\u021bii Apuseni"},"content":{"rendered":"<p>\u201eDin aproape 95.000 de gospod\u0103rii afectate, 91.000 au fost reconectate, iar doar 4000 mai sunt \u00eenc\u0103 f\u0103r\u0103 energie electric\u0103. \u00cen jude\u0163ul Alba, peste 11.000 de oameni care ieri nu aveau curent au fost reconecta\u0163i p\u00e2n\u0103 ast\u0103zi. Le mul\u0163umesc electricienilor \u015fi echipelor din teren care au lucrat \u015fi noaptea, \u00een ger, f\u0103r\u0103 pauz\u0103, p\u00e2n\u0103 c\u00e2nd lumina a revenit \u00een case\u201d, afirm\u0103 ministrul Energiei, Bogdan Ivan, \u00eentr-o postare pe pagina sa de Facebook.<\/p>\n<p>Potrivit ministrului, joi sear\u0103, consumul de energie electric\u0103 a atins 8.800 MW, la ora 17:45.\u00a0<\/p>\n<p>\u201eSistemul Energetic Na\u0163ional a func\u0163ionat \u015fi func\u0163ioneaz\u0103 \u00een continuare f\u0103r\u0103 probleme, at\u00e2t din perspectiva adecvan\u0163ei, c\u00e2t \u015fi a re\u0163elelor electrice\u201d, subliniaz\u0103 Bogdan Ivan.<\/p>\n<p>Ministrul mai spune c\u0103 pentru vineri, curba de consum este \u201eacoperit\u0103 comercial, f\u0103r\u0103 dezechilibre\u201d, cu un v\u00e2rf de sear\u0103 mai mic dec\u00e2t vineri, estimat la 8.700 MW.\u00a0<\/p>\n<p>\u201eContinu\u0103m monitorizarea permanent\u0103 \u015fi interven\u0163iile p\u00e2n\u0103 la ultima gospod\u0103rie!\u201d, \u00eencheie Ministrul Energiei.<\/p>\n<p>Interven\u021bii masive \u00een Mun\u021bii Apuseni pentru restabilirea energiei electrice<\/p>\n<p>Tot vineri, reprezentan\u021bii Distribu\u021bie Energie Electric\u0103 Rom\u00e2nia (DEER) au anun\u021bat c\u0103 to\u021bi cei peste 43.000 de utilizatori afecta\u021bi de ninsorile \u0219i viscolul din 2 ianuarie \u0219i-au rec\u0103p\u0103tat alimentarea cu energie electric\u0103 \u00een cursul serii de 8 ianuarie. Re\u021belele electrice din jude\u021bul Alba, \u00een special \u00een Mun\u021bii Apuseni, fuseser\u0103 grav afectate, \u00eenregistr\u00e2nd avarii multiple.<\/p>\n\n<p>Efort sus\u021binut \u0219i condi\u021bii dificile<\/p>\n<p>Astfel, potrivit sursei citate, \u00een teren au fost mobilizate peste 100 de echipe, \u00eensum\u00e2nd aproximativ 500 de oameni, provenind din 16 sucursale DEER. Interven\u021biile, desf\u0103\u0219urate ne\u00eentrerupt timp de \u0219ase zile, s-au confruntat cu drumuri \u00eenz\u0103pezite, cantit\u0103\u021bi mari de z\u0103pad\u0103, p\u0103duri \u00eentinse, copaci c\u0103zu\u021bi peste conductoare \u0219i animale s\u0103lbatice. \u00cen zonele unde alimentarea imediat\u0103 nu a fost posibil\u0103, DEER a utilizat 17 generatoare, suplimentate cu 7 generatoare de la ISU Alba.<\/p>\n\n<p>Coordonare centralizat\u0103 \u0219i management de criz\u0103<\/p>\n<p>Coordonarea opera\u021biunilor a fost asigurat\u0103 de conducerea DEER de la C\u00e2mpeni, unde a fost constituit\u0103 o celul\u0103 de criz\u0103 pentru supravegherea echipelor \u0219i luarea deciziilor necesare.<\/p>\n<p>\u201e\u00cen ultimele 6 zile, aproximativ 500 de colegi \u2013 ingineri, electricieni, personal auxiliar \u0219i ter\u021bi \u2013 au fost \u00een teren, \u00een condi\u021bii extrem de dificile, pentru un singur lucru: ca oamenii s\u0103 aib\u0103 din nou lumin\u0103 \u0219i siguran\u021b\u0103 \u00een casele lor. Le mul\u021bumesc din suflet colegilor no\u0219tri din cele 16 sucursale pentru efortul, curajul \u0219i profesionalismul lor. Respectul meu merge \u0219i c\u0103tre oamenii din zonele afectate, pentru r\u0103bdare \u0219i \u00een\u021belegere\u201d, a declarat Mihaela Rodica Suciu, Director General DEER.<\/p>","protected":false},"excerpt":{"rendered":"<p>\u201eDin aproape 95.000 de gospod\u0103rii afectate, 91.000 au fost reconectate, iar doar 4000 mai sunt&hellip;<\/p>\n","protected":false},"author":0,"featured_media":57207,"comment_status":"open","ping_status":"open","sticky":false,"template":"","format":"standard","meta":{"footnotes":""},"categories":[2],"tags":[],"class_list":["post-57206","post","type-post","status-publish","format-standard","has-post-thumbnail","hentry","category-actual"],"_links":{"self":[{"href":"https:\/\/247stiri.ro\/index.php\/wp-json\/wp\/v2\/posts\/57206","targetHints":{"allow":["GET"]}}],"collection":[{"href":"https:\/\/247stiri.ro\/index.php\/wp-json\/wp\/v2\/posts"}],"about":[{"href":"https:\/\/247stiri.ro\/index.php\/wp-json\/wp\/v2\/types\/post"}],"replies":[{"embeddable":true,"href":"https:\/\/247stiri.ro\/index.php\/wp-json\/wp\/v2\/comments?post=57206"}],"version-history":[{"count":0,"href":"https:\/\/247stiri.ro\/index.php\/wp-json\/wp\/v2\/posts\/57206\/revisions"}],"wp:featuredmedia":[{"embeddable":true,"href":"https:\/\/247stiri.ro\/index.php\/wp-json\/wp\/v2\/media\/57207"}],"wp:attachment":[{"href":"https:\/\/247stiri.ro\/index.php\/wp-json\/wp\/v2\/media?parent=57206"}],"wp:term":[{"taxonomy":"category","embeddable":true,"href":"https:\/\/247stiri.ro\/index.php\/wp-json\/wp\/v2\/categories?post=57206"},{"taxonomy":"post_tag","embeddable":true,"href":"https:\/\/247stiri.ro\/index.php\/wp-json\/wp\/v2\/tags?post=57206"}],"curies":[{"name":"wp","href":"https:\/\/api.w.org\/{rel}","templated":true}]}}