{"id":57209,"date":"2026-01-09T14:45:21","date_gmt":"2026-01-09T14:45:21","guid":{"rendered":"https:\/\/247stiri.ro\/index.php\/2026\/01\/09\/cristi-chivu-tehnicianul-lui-inter-milano-a-fost-desemnat-antrenorul-lunii-decembrie-in-serie-a\/"},"modified":"2026-01-09T14:45:21","modified_gmt":"2026-01-09T14:45:21","slug":"cristi-chivu-tehnicianul-lui-inter-milano-a-fost-desemnat-antrenorul-lunii-decembrie-in-serie-a","status":"publish","type":"post","link":"https:\/\/247stiri.ro\/index.php\/2026\/01\/09\/cristi-chivu-tehnicianul-lui-inter-milano-a-fost-desemnat-antrenorul-lunii-decembrie-in-serie-a\/","title":{"rendered":"Cristi Chivu, tehnicianul lui Inter Milano, a fost desemnat antrenorul lunii decembrie \u00een Serie A"},"content":{"rendered":"<p>Premiul va fi acordat lui Chivu \u00eenaintea meciului dintre Inter \u0219i Napoli, programat duminic\u0103, de la ora 21:45, pe stadionul \u201eGiuseppe Meazza\u201d din Milano.<\/p>\n<p>Potrivit ligii italiene, la stabilirea clasamentului s-au luat \u00een calcul rezultatele din etapele 14, 15 \u0219i 17 ale campionatului.<\/p>\n<p>Sub comanda lui Chivu, Inter a bifat trei victorii din tot at\u00e2tea meciuri \u00een decembrie: 4-0 cu Como, 2-1 cu Genoa \u0219i 1-0 cu Atalanta, rezultate care au consolidat pozi\u021bia de lider a echipei \u00een Serie A.<\/p>\n<p>\u201eCristian Chivu \u0219i-a ghidat b\u0103ie\u021bii cu curaj, carism\u0103 \u0219i sens de apartenen\u021b\u0103. Ca antrenor, Chivu s-a prezentat pe banca echipei Inter f\u0103r\u0103 temeri, cer\u00e2nd b\u0103ie\u021bilor s\u0103i s\u0103 construiasc\u0103 \u00een vitez\u0103 \u0219i s\u0103 realizeze c\u00e2t mai multe recuper\u0103ri ofensive, conjug\u00e2nd propriile idei tactice cu punctele forte ale unei echipe care a reu\u0219it s\u0103 ajunge \u00een finala Ligii Campionilor de dou\u0103 ori \u00een ultimii trei ani.<\/p>\n<p>Cele trei victorii din tot at\u00e2tea meciuri din luna decembrie au adus-o pe Inter pe primul loc \u00een clasament, \u00eentr-o competi\u021bie care continu\u0103 s\u0103 \u021bin\u0103 cu sufletul la gur\u0103 to\u021bi suporterii, dup\u0103 r\u0103sturn\u0103ri de situa\u021bie \u0219i schimb\u0103ri pe vertical\u0103\u201d, a declarat Luigi De Siervo, administratorul delegat al Lega Serie A.<\/p>\n<p>Pentru Cristian Chivu, acest premiu marcheaz\u0103 o etap\u0103 important\u0103 \u00een evolu\u021bia sa ca antrenor, la conducerea uneia dintre cele mai istorice forma\u021bii din fotbalul italian.<\/p>","protected":false},"excerpt":{"rendered":"<p>Premiul va fi acordat lui Chivu \u00eenaintea meciului dintre Inter \u0219i Napoli, programat duminic\u0103, de&hellip;<\/p>\n","protected":false},"author":0,"featured_media":57199,"comment_status":"open","ping_status":"open","sticky":false,"template":"","format":"standard","meta":{"footnotes":""},"categories":[2],"tags":[],"class_list":["post-57209","post","type-post","status-publish","format-standard","has-post-thumbnail","hentry","category-actual"],"_links":{"self":[{"href":"https:\/\/247stiri.ro\/index.php\/wp-json\/wp\/v2\/posts\/57209","targetHints":{"allow":["GET"]}}],"collection":[{"href":"https:\/\/247stiri.ro\/index.php\/wp-json\/wp\/v2\/posts"}],"about":[{"href":"https:\/\/247stiri.ro\/index.php\/wp-json\/wp\/v2\/types\/post"}],"replies":[{"embeddable":true,"href":"https:\/\/247stiri.ro\/index.php\/wp-json\/wp\/v2\/comments?post=57209"}],"version-history":[{"count":0,"href":"https:\/\/247stiri.ro\/index.php\/wp-json\/wp\/v2\/posts\/57209\/revisions"}],"wp:featuredmedia":[{"embeddable":true,"href":"https:\/\/247stiri.ro\/index.php\/wp-json\/wp\/v2\/media\/57199"}],"wp:attachment":[{"href":"https:\/\/247stiri.ro\/index.php\/wp-json\/wp\/v2\/media?parent=57209"}],"wp:term":[{"taxonomy":"category","embeddable":true,"href":"https:\/\/247stiri.ro\/index.php\/wp-json\/wp\/v2\/categories?post=57209"},{"taxonomy":"post_tag","embeddable":true,"href":"https:\/\/247stiri.ro\/index.php\/wp-json\/wp\/v2\/tags?post=57209"}],"curies":[{"name":"wp","href":"https:\/\/api.w.org\/{rel}","templated":true}]}}