{"id":57218,"date":"2026-01-09T15:45:43","date_gmt":"2026-01-09T15:45:43","guid":{"rendered":"https:\/\/247stiri.ro\/index.php\/2026\/01\/09\/alerta-sanitara-intr-un-spital-din-romania-focar-de-raie-confirmat-pacienti-si-cadre-medicale-izolate\/"},"modified":"2026-01-09T15:45:43","modified_gmt":"2026-01-09T15:45:43","slug":"alerta-sanitara-intr-un-spital-din-romania-focar-de-raie-confirmat-pacienti-si-cadre-medicale-izolate","status":"publish","type":"post","link":"https:\/\/247stiri.ro\/index.php\/2026\/01\/09\/alerta-sanitara-intr-un-spital-din-romania-focar-de-raie-confirmat-pacienti-si-cadre-medicale-izolate\/","title":{"rendered":"Alert\u0103 sanitar\u0103 \u00eentr-un spital din Rom\u00e2nia: focar de r\u00e2ie confirmat. Pacien\u021bi \u0219i cadre medicale izolate"},"content":{"rendered":"<p>Incidentul a fost raportat la Spitalul de Psihiatrie din Jebel, jude\u021bul Timi\u0219, unde trei pacien\u021bi interna\u021bi au fost diagnostica\u021bi cu scabie, o boal\u0103 dermatologic\u0103 extrem de contagioas\u0103, cunoscut\u0103 popular sub denumirea de \u201er\u00e2ie\u201d. Cazurile au fost confirmate la finalul lunii decembrie, iar situa\u021bia a fost adus\u0103 oficial la cuno\u0219tin\u021ba Direc\u021biei de S\u0103n\u0103tate Public\u0103 Timi\u0219 la \u00eenceputul lunii ianuarie.<\/p>\n<p>M\u0103suri urgente pentru limitarea r\u0103sp\u00e2ndirii<\/p>\n<p>Imediat dup\u0103 identificarea cazurilor, conducerea spitalului a dispus izolarea pacien\u021bilor afecta\u021bi \u0219i ini\u021bierea tratamentului recomandat de medicii dermatologi. Totodat\u0103, personalul medical care a intrat \u00een contact direct cu bolnavii a fost monitorizat, iar \u00een unele situa\u021bii s-au luat m\u0103suri de izolare preventiv\u0103.<\/p>\n<p>Direc\u021bia de S\u0103n\u0103tate Public\u0103 Timi\u0219 a anun\u021bat constituirea unei echipe mixte de control, format\u0103 din speciali\u0219ti \u00een supraveghere epidemiologic\u0103 \u0219i inspectori sanitari, care s-a deplasat la fa\u021ba locului pentru verific\u0103ri am\u0103nun\u021bite. Scopul anchetei este stabilirea modului \u00een care a ap\u0103rut focarul \u0219i evaluarea respect\u0103rii normelor de igien\u0103 \u0219i siguran\u021b\u0103 sanitar\u0103.<\/p>\n<p>Reprezentan\u021bii DSP au transmis c\u0103 situa\u021bia se afl\u0103 sub control, \u00eens\u0103 nu exclud impunerea unor m\u0103suri suplimentare, \u00een func\u021bie de rezultatele verific\u0103rilor.<\/p>\n<p>Ce este scabia \u0219i cum se manifest\u0103<\/p>\n<p><a href=\"https:\/\/www.realitatea.net\/stiri\/actual\/cei-11-varstnici-relocati-dintrun-azil-inchis-au-ajuns-in-spitale-si-au-fost-diagnosticati-cu-scabie_69430749affd6416232413b4\" target=\"_blank\">Scabia este<\/a> o afec\u021biune a pielii cauzat\u0103 de un parazit microscopic care p\u0103trunde \u00een stratul superficial al pielii. Boala poate afecta persoane de orice v\u00e2rst\u0103 \u0219i se r\u0103sp\u00e2nde\u0219te cu u\u0219urin\u021b\u0103, mai ales \u00een colectivit\u0103\u021bi sau spa\u021bii \u00eenchise, unde contactul apropiat este frecvent.<\/p>\n<p>Printre cele mai comune simptome se num\u0103r\u0103:<\/p>\n<p>m\u00e2nc\u0103rimi intense, accentuate pe timpul nop\u021bii;<\/p>\n<p>erup\u021bii cutanate sub form\u0103 de bubi\u021be ro\u0219ii;<\/p>\n<p>leziuni ap\u0103rute \u00een urma sc\u0103rpin\u0103rii, localizate frecvent \u00eentre degete, la \u00eencheieturi, \u00een pliurile pielii sau \u00een zona genital\u0103.<\/p>\n<p>Transmiterea are loc prin contact direct piele pe piele sau prin folosirea obiectelor contaminate, precum hainele, lenjeria de pat sau prosoapele.<\/p>\n<p>Boal\u0103 tratabil\u0103, dar care necesit\u0103 aten\u021bie<\/p>\n<p>De\u0219i extrem de nepl\u0103cut\u0103 \u0219i contagioas\u0103,<a href=\"https:\/\/www.realitatea.net\/stiri\/actual\/caz-de-scabie-confirmat-intrun-liceu-din-arad-autoritatile-sunt-in-alerta_662736c322f6f91e611f74b7\" target=\"_blank\"> scabia este o afec\u021biune<\/a> complet tratabil\u0103, dac\u0103 este diagnosticat\u0103 la timp. Tratamentul const\u0103 \u00een aplicarea unor creme speciale sau administrarea de medicamente prescrise de medic, iar respectarea regulilor de igien\u0103 este esen\u021bial\u0103 pentru prevenirea reinfect\u0103rii.<\/p>\n<p>Speciali\u0219tii atrag aten\u021bia c\u0103 men\u021binerea cur\u0103\u021beniei, igiena personal\u0103 riguroas\u0103 \u0219i interven\u021bia rapid\u0103 sunt cheia pentru evitarea apari\u021biei unor focare, mai ales \u00een unit\u0103\u021bile medicale sau \u00een alte medii cu risc crescut.<\/p>","protected":false},"excerpt":{"rendered":"<p>Incidentul a fost raportat la Spitalul de Psihiatrie din Jebel, jude\u021bul Timi\u0219, unde trei pacien\u021bi&hellip;<\/p>\n","protected":false},"author":0,"featured_media":57219,"comment_status":"open","ping_status":"open","sticky":false,"template":"","format":"standard","meta":{"footnotes":""},"categories":[2],"tags":[],"class_list":["post-57218","post","type-post","status-publish","format-standard","has-post-thumbnail","hentry","category-actual"],"_links":{"self":[{"href":"https:\/\/247stiri.ro\/index.php\/wp-json\/wp\/v2\/posts\/57218","targetHints":{"allow":["GET"]}}],"collection":[{"href":"https:\/\/247stiri.ro\/index.php\/wp-json\/wp\/v2\/posts"}],"about":[{"href":"https:\/\/247stiri.ro\/index.php\/wp-json\/wp\/v2\/types\/post"}],"replies":[{"embeddable":true,"href":"https:\/\/247stiri.ro\/index.php\/wp-json\/wp\/v2\/comments?post=57218"}],"version-history":[{"count":0,"href":"https:\/\/247stiri.ro\/index.php\/wp-json\/wp\/v2\/posts\/57218\/revisions"}],"wp:featuredmedia":[{"embeddable":true,"href":"https:\/\/247stiri.ro\/index.php\/wp-json\/wp\/v2\/media\/57219"}],"wp:attachment":[{"href":"https:\/\/247stiri.ro\/index.php\/wp-json\/wp\/v2\/media?parent=57218"}],"wp:term":[{"taxonomy":"category","embeddable":true,"href":"https:\/\/247stiri.ro\/index.php\/wp-json\/wp\/v2\/categories?post=57218"},{"taxonomy":"post_tag","embeddable":true,"href":"https:\/\/247stiri.ro\/index.php\/wp-json\/wp\/v2\/tags?post=57218"}],"curies":[{"name":"wp","href":"https:\/\/api.w.org\/{rel}","templated":true}]}}