{"id":57220,"date":"2026-01-09T16:46:13","date_gmt":"2026-01-09T16:46:13","guid":{"rendered":"https:\/\/247stiri.ro\/index.php\/2026\/01\/09\/vortex-polar-in-romania-meteorologii-anunta-ninsori-si-temperaturi-extreme-de-pana-la-18-grade-avertizari-noi\/"},"modified":"2026-01-09T16:46:13","modified_gmt":"2026-01-09T16:46:13","slug":"vortex-polar-in-romania-meteorologii-anunta-ninsori-si-temperaturi-extreme-de-pana-la-18-grade-avertizari-noi","status":"publish","type":"post","link":"https:\/\/247stiri.ro\/index.php\/2026\/01\/09\/vortex-polar-in-romania-meteorologii-anunta-ninsori-si-temperaturi-extreme-de-pana-la-18-grade-avertizari-noi\/","title":{"rendered":"Vortex polar \u00een Rom\u00e2nia. Meteorologii anun\u021b\u0103 ninsori \u0219i temperaturi extreme de p\u00e2n\u0103 la -18 grade. Avertiz\u0103ri noi"},"content":{"rendered":"<p>Meteorologii au emis deja mai multe avertiz\u0103ri Cod galben, iar Elena Mateescu, directorul Administra\u021biei Na\u021bionale de Meteorologie (ANM), ofer\u0103 detalii despre zonele cele mai afectate de aceast\u0103 schimbare drastic\u0103 a vremii \u0219i despre durata fenomenelor extreme.<\/p>\n<p>Directorul general al Administra\u021biei Na\u021bionale de Meteorologie (ANM), Elena Mateescu, a anun\u021bat o schimbare drastic\u0103 a vremii, caracterizat\u0103 prin fenomene meteorologice extreme specifice iernii. O informare meteorologic\u0103 este \u00een vigoare p\u00e2n\u0103 mar\u021bi diminea\u021b\u0103, viz\u00e2nd un val de aer deosebit de rece care va cuprinde \u00eentreaga \u021bar\u0103.<\/p>\n\n<p>Principalele fenomene prognozate<\/p>\n<p>Temperaturi de \u00eenghe\u021b: \u00cen jum\u0103tatea nordic\u0103 a \u021b\u0103rii, vremea va fi deosebit de rece, cu minime cuprinse \u00eentre -14 \u0219i -10 grade Celsius \u00een regiunile intracarpatice, nordul Moldovei \u0219i estul Transilvaniei.<\/p>\n<p>Ger persistent: \u00cencep\u00e2nd de s\u00e2mb\u0103t\u0103 noaptea \u0219i pe parcursul zilei de duminic\u0103, gerul se va intensifica. Valorile termice vor cobor\u00ee p\u00e2n\u0103 la -18 grade Celsius \u00een zonele depresionare.<\/p>\n<p>Vremea \u00een Capital\u0103: Bucure\u0219tiul nu va fi ocolit de ger, fiind prognozat\u0103 o minim\u0103 de aproximativ -6 grade Celsius.<\/p>\n<p>Alte fenomene: Se vor \u00eenregistra precipita\u021bii mixte, ninsori, intensific\u0103ri ale v\u00e2ntului \u0219i depunerea unui strat nou de z\u0103pad\u0103.<\/p>\n<p>Evolu\u021bia temperaturilor maxime: \u00cen nordul Moldovei, temperaturile maxime se vor men\u021bine la valori negative extrem de sc\u0103zute, situ\u00e2ndu-se \u00een jurul a -10 grade Celsius pe parcursul zilei de m\u00e2ine.<\/p>\n<p>\u00a0<\/p>","protected":false},"excerpt":{"rendered":"<p>Meteorologii au emis deja mai multe avertiz\u0103ri Cod galben, iar Elena Mateescu, directorul Administra\u021biei Na\u021bionale&hellip;<\/p>\n","protected":false},"author":0,"featured_media":0,"comment_status":"open","ping_status":"open","sticky":false,"template":"","format":"standard","meta":{"footnotes":""},"categories":[2],"tags":[],"class_list":["post-57220","post","type-post","status-publish","format-standard","hentry","category-actual"],"_links":{"self":[{"href":"https:\/\/247stiri.ro\/index.php\/wp-json\/wp\/v2\/posts\/57220","targetHints":{"allow":["GET"]}}],"collection":[{"href":"https:\/\/247stiri.ro\/index.php\/wp-json\/wp\/v2\/posts"}],"about":[{"href":"https:\/\/247stiri.ro\/index.php\/wp-json\/wp\/v2\/types\/post"}],"replies":[{"embeddable":true,"href":"https:\/\/247stiri.ro\/index.php\/wp-json\/wp\/v2\/comments?post=57220"}],"version-history":[{"count":0,"href":"https:\/\/247stiri.ro\/index.php\/wp-json\/wp\/v2\/posts\/57220\/revisions"}],"wp:attachment":[{"href":"https:\/\/247stiri.ro\/index.php\/wp-json\/wp\/v2\/media?parent=57220"}],"wp:term":[{"taxonomy":"category","embeddable":true,"href":"https:\/\/247stiri.ro\/index.php\/wp-json\/wp\/v2\/categories?post=57220"},{"taxonomy":"post_tag","embeddable":true,"href":"https:\/\/247stiri.ro\/index.php\/wp-json\/wp\/v2\/tags?post=57220"}],"curies":[{"name":"wp","href":"https:\/\/api.w.org\/{rel}","templated":true}]}}