{"id":57229,"date":"2026-01-09T18:45:56","date_gmt":"2026-01-09T18:45:56","guid":{"rendered":"https:\/\/247stiri.ro\/index.php\/2026\/01\/09\/hubert-thuma-primarii-nu-sunt-vinovati-pentru-cresterea-taxelor-locale\/"},"modified":"2026-01-09T18:45:56","modified_gmt":"2026-01-09T18:45:56","slug":"hubert-thuma-primarii-nu-sunt-vinovati-pentru-cresterea-taxelor-locale","status":"publish","type":"post","link":"https:\/\/247stiri.ro\/index.php\/2026\/01\/09\/hubert-thuma-primarii-nu-sunt-vinovati-pentru-cresterea-taxelor-locale\/","title":{"rendered":"Hubert Thuma: \u201ePrimarii nu sunt vinova\u021bi pentru cre\u0219terea taxelor locale\u201d"},"content":{"rendered":"<p>\u201eS-au schimbat regulile la nivel central, dar primarii au r\u0103mas s\u0103 gestioneze nota de plat\u0103\u201d, a explicat Thuma, ar\u0103t\u00e2nd c\u0103 presiunea reducerii deficitului bugetar a fost transferat\u0103 c\u0103tre administra\u021biile locale. El a atras aten\u021bia c\u0103 mesajul transmis de la centru a fost clar: autorit\u0103\u021bile locale care nu se conformeaz\u0103 risc\u0103 pierderea unor transferuri de la bugetul de stat.<\/p>\n<p>Pre\u0219edintele CJ Ilfov a mai precizat c\u0103 taxele locale nu reprezint\u0103 principala surs\u0103 de venit a bugetelor locale, mai ales \u00een zonele dezvoltate, acestea baz\u00e2ndu-se \u00een principal pe impozitul pe venit redistribuit c\u0103tre comunit\u0103\u021bi \u0219i pe investi\u021bii \u0219i fonduri europene. \u00cen opinia sa, solu\u021biile s\u0103n\u0103toase pentru administra\u021bii locale puternice sunt p\u0103strarea unei cote mai mari din impozitul pe venit la nivel local \u0219i stimularea economiei prin investi\u021bii \u0219i crearea de locuri de munc\u0103. \u201eNu trage\u021bi \u00een primari pentru o decizie luat\u0103 la centru. Primarii \u021bin comunit\u0103\u021bile \u00een picioare, zi de zi\u201d, a transmis Hubert Thuma.<\/p>\n<p>\u00a0<\/p>","protected":false},"excerpt":{"rendered":"<p>\u201eS-au schimbat regulile la nivel central, dar primarii au r\u0103mas s\u0103 gestioneze nota de plat\u0103\u201d,&hellip;<\/p>\n","protected":false},"author":0,"featured_media":57226,"comment_status":"open","ping_status":"open","sticky":false,"template":"","format":"standard","meta":{"footnotes":""},"categories":[2],"tags":[],"class_list":["post-57229","post","type-post","status-publish","format-standard","has-post-thumbnail","hentry","category-actual"],"_links":{"self":[{"href":"https:\/\/247stiri.ro\/index.php\/wp-json\/wp\/v2\/posts\/57229","targetHints":{"allow":["GET"]}}],"collection":[{"href":"https:\/\/247stiri.ro\/index.php\/wp-json\/wp\/v2\/posts"}],"about":[{"href":"https:\/\/247stiri.ro\/index.php\/wp-json\/wp\/v2\/types\/post"}],"replies":[{"embeddable":true,"href":"https:\/\/247stiri.ro\/index.php\/wp-json\/wp\/v2\/comments?post=57229"}],"version-history":[{"count":0,"href":"https:\/\/247stiri.ro\/index.php\/wp-json\/wp\/v2\/posts\/57229\/revisions"}],"wp:featuredmedia":[{"embeddable":true,"href":"https:\/\/247stiri.ro\/index.php\/wp-json\/wp\/v2\/media\/57226"}],"wp:attachment":[{"href":"https:\/\/247stiri.ro\/index.php\/wp-json\/wp\/v2\/media?parent=57229"}],"wp:term":[{"taxonomy":"category","embeddable":true,"href":"https:\/\/247stiri.ro\/index.php\/wp-json\/wp\/v2\/categories?post=57229"},{"taxonomy":"post_tag","embeddable":true,"href":"https:\/\/247stiri.ro\/index.php\/wp-json\/wp\/v2\/tags?post=57229"}],"curies":[{"name":"wp","href":"https:\/\/api.w.org\/{rel}","templated":true}]}}