{"id":57234,"date":"2026-01-09T19:45:30","date_gmt":"2026-01-09T19:45:30","guid":{"rendered":"https:\/\/247stiri.ro\/index.php\/2026\/01\/09\/ministrul-agriculturii-afirma-ca-a-fost-luat-prin-surprindere-de-votul-romaniei-pentru-acordul-ue-mercosur\/"},"modified":"2026-01-09T19:45:30","modified_gmt":"2026-01-09T19:45:30","slug":"ministrul-agriculturii-afirma-ca-a-fost-luat-prin-surprindere-de-votul-romaniei-pentru-acordul-ue-mercosur","status":"publish","type":"post","link":"https:\/\/247stiri.ro\/index.php\/2026\/01\/09\/ministrul-agriculturii-afirma-ca-a-fost-luat-prin-surprindere-de-votul-romaniei-pentru-acordul-ue-mercosur\/","title":{"rendered":"Ministrul Agriculturii afirm\u0103 c\u0103 a fost luat prin surprindere de votul Rom\u00e2niei pentru acordul UE-Mercosur"},"content":{"rendered":"<p>Ministrul Agriculturii, Florin Barbu, a declarat vineri seara, c\u0103 a fost complet omis din procesul decizional privind sus\u021binerea acordului UE-Mercosur. Acesta a afirmat c\u0103, \u00een ultimele dou\u0103 s\u0103pt\u0103m\u00e2ni, nu a fost contactat \u00een calitate de ministru de resort, de\u0219i acordul are un impact major asupra sectorului pe care \u00eel gestioneaz\u0103.<\/p>\n<p>Barbu a subliniat c\u0103 o astfel de hot\u0103r\u00e2re strategic\u0103 ar fi trebuit asumat\u0103 de toate cele patru partide din coali\u021bia de guvernare, preciz\u00e2nd c\u0103, \u00een timp ce Ministerul Economiei gestioneaz\u0103 latura comercial\u0103, iar Ministerul Afacerilor Externe (MAE) asigur\u0103 reprezentarea la nivelul Comisiei Europene, el a solicitat oficial s\u0103 vad\u0103 memorandumul aprobat de premier \u0219i pre\u0219edinte care a stat la baza acestui vot.<\/p>\n<p>Aprobarea acordului, survenit\u0103 dup\u0103 25 de ani de negocieri, a declan\u0219at un val de reac\u021bii contradictorii pe scena politic\u0103 \u0219i economic\u0103 din Rom\u00e2nia.<\/p>\n<p>PSD a lansat acuza\u021bii dure la adresa MAE, sus\u021bin\u00e2nd c\u0103 mandatul oferit reprezentantului Rom\u00e2niei la COREPER reprezint\u0103 o \u201etr\u0103dare a intereselor fermierilor rom\u00e2ni\u201d din cauza absen\u021bei unor clauze de protec\u021bie clare \u00eempotriva importurilor masive din America Latin\u0103.<\/p>\n<p>Aceast\u0103 pozi\u021bie a fost sus\u021binut\u0103 \u0219i de analistul Petri\u0219or Peiu, care a descris votul drept o \u201elovitur\u0103 devastatoare\u201d pentru agricultura na\u021bional\u0103.<\/p>\n<p>\u00cen contrast, sus\u021bin\u0103torii acordului eviden\u021biaz\u0103 oportunit\u0103\u021bile economice pe care acesta le deschide. Unii reprezentan\u021bi ai Parlamentului European consider\u0103 c\u0103 Rom\u00e2nia poate profita semnificativ de pe urma marilor acorduri interna\u021bionale.<\/p>\n<p>De asemenea, pre\u0219edintele Nicu\u0219or Dan a ap\u0103rat votul Rom\u00e2niei, explic\u00e2nd c\u0103 sus\u021binerea pentru blocul Mercosur (Argentina, Brazilia, Paraguay \u0219i Uruguay) a venit dup\u0103 negocieri care au inclus elemente suplimentare de protec\u021bie pentru produc\u0103torii locali.<\/p>\n<p>Conform acestuia, documentul final ofer\u0103 garan\u021bii necesare sectorului agricol, deschiz\u00e2nd \u00een acela\u0219i timp noi pie\u021be de desfacere pentru produsele europene.<\/p>","protected":false},"excerpt":{"rendered":"<p>Ministrul Agriculturii, Florin Barbu, a declarat vineri seara, c\u0103 a fost complet omis din procesul&hellip;<\/p>\n","protected":false},"author":0,"featured_media":57231,"comment_status":"open","ping_status":"open","sticky":false,"template":"","format":"standard","meta":{"footnotes":""},"categories":[2],"tags":[],"class_list":["post-57234","post","type-post","status-publish","format-standard","has-post-thumbnail","hentry","category-actual"],"_links":{"self":[{"href":"https:\/\/247stiri.ro\/index.php\/wp-json\/wp\/v2\/posts\/57234","targetHints":{"allow":["GET"]}}],"collection":[{"href":"https:\/\/247stiri.ro\/index.php\/wp-json\/wp\/v2\/posts"}],"about":[{"href":"https:\/\/247stiri.ro\/index.php\/wp-json\/wp\/v2\/types\/post"}],"replies":[{"embeddable":true,"href":"https:\/\/247stiri.ro\/index.php\/wp-json\/wp\/v2\/comments?post=57234"}],"version-history":[{"count":0,"href":"https:\/\/247stiri.ro\/index.php\/wp-json\/wp\/v2\/posts\/57234\/revisions"}],"wp:featuredmedia":[{"embeddable":true,"href":"https:\/\/247stiri.ro\/index.php\/wp-json\/wp\/v2\/media\/57231"}],"wp:attachment":[{"href":"https:\/\/247stiri.ro\/index.php\/wp-json\/wp\/v2\/media?parent=57234"}],"wp:term":[{"taxonomy":"category","embeddable":true,"href":"https:\/\/247stiri.ro\/index.php\/wp-json\/wp\/v2\/categories?post=57234"},{"taxonomy":"post_tag","embeddable":true,"href":"https:\/\/247stiri.ro\/index.php\/wp-json\/wp\/v2\/tags?post=57234"}],"curies":[{"name":"wp","href":"https:\/\/api.w.org\/{rel}","templated":true}]}}