{"id":57235,"date":"2026-01-09T19:45:30","date_gmt":"2026-01-09T19:45:30","guid":{"rendered":"https:\/\/247stiri.ro\/index.php\/2026\/01\/09\/incendiu-intr-un-bloc-din-sibiu-aproximativ-30-de-persoane-se-aflau-in-interior\/"},"modified":"2026-01-09T19:45:30","modified_gmt":"2026-01-09T19:45:30","slug":"incendiu-intr-un-bloc-din-sibiu-aproximativ-30-de-persoane-se-aflau-in-interior","status":"publish","type":"post","link":"https:\/\/247stiri.ro\/index.php\/2026\/01\/09\/incendiu-intr-un-bloc-din-sibiu-aproximativ-30-de-persoane-se-aflau-in-interior\/","title":{"rendered":"Incendiu \u00eentr-un bloc din Sibiu: aproximativ 30 de persoane se aflau \u00een interior"},"content":{"rendered":"<p>Ce au anun\u021bat autorit\u0103\u021bile?<\/p>\n<p><a href=\"https:\/\/www.realitatea.net\/stiri\/actual\/alerta-de-incendiu-la-ministerul-finantelor-mobilizare-masiva-a-pompierilor-trafic-restrictionat-in-zona-foto_695f89bdad4f3345a75084b1\" target=\"_blank\">Potrivit reprezentan\u021bilor ISU<\/a> Sibiu, fl\u0103c\u0103rile se manifestau cu degaj\u0103ri importante de fum \u00een interiorul apartamentului la sosirea pompierilor. Imediat, aproximativ 30 de persoane au reu\u0219it s\u0103 se autoevacueze, evit\u00e2nd astfel victime.<\/p>\n<p>Pentru gestionarea situa\u021biei, la locul incendiului au fost mobilizate dou\u0103 autospeciale de stingere, o autoscar\u0103, o autospecial\u0103 de descarcerare, o autospecial\u0103 pentru transport personal \u0219i victime multiple, precum \u0219i echipaje SMURD \u0219i SAJ.<\/p>\n<p>Echipajele ISU lucreaz\u0103 \u00een continuare pentru stingerea focului \u0219i pentru a preveni extinderea acestuia la restul imobilului. Autorit\u0103\u021bile recomand\u0103 locatarilor din zon\u0103 s\u0103 evite apropierea de bloc <a href=\"https:\/\/www.realitatea.net\/stiri\/actual\/drama-de-la-cransmontana-continua-un-salvator-coplesit-de-traume-spune-ca-nu-mai-poate-merge-mai-departe-si-renunta-la-meserie_695e78137cac3604c614945a\" target=\"_blank\">p\u00e2n\u0103 la finalizarea interven\u021biei.<\/a><\/p>","protected":false},"excerpt":{"rendered":"<p>Ce au anun\u021bat autorit\u0103\u021bile? Potrivit reprezentan\u021bilor ISU Sibiu, fl\u0103c\u0103rile se manifestau cu degaj\u0103ri importante de&hellip;<\/p>\n","protected":false},"author":0,"featured_media":57236,"comment_status":"open","ping_status":"open","sticky":false,"template":"","format":"standard","meta":{"footnotes":""},"categories":[2],"tags":[],"class_list":["post-57235","post","type-post","status-publish","format-standard","has-post-thumbnail","hentry","category-actual"],"_links":{"self":[{"href":"https:\/\/247stiri.ro\/index.php\/wp-json\/wp\/v2\/posts\/57235","targetHints":{"allow":["GET"]}}],"collection":[{"href":"https:\/\/247stiri.ro\/index.php\/wp-json\/wp\/v2\/posts"}],"about":[{"href":"https:\/\/247stiri.ro\/index.php\/wp-json\/wp\/v2\/types\/post"}],"replies":[{"embeddable":true,"href":"https:\/\/247stiri.ro\/index.php\/wp-json\/wp\/v2\/comments?post=57235"}],"version-history":[{"count":0,"href":"https:\/\/247stiri.ro\/index.php\/wp-json\/wp\/v2\/posts\/57235\/revisions"}],"wp:featuredmedia":[{"embeddable":true,"href":"https:\/\/247stiri.ro\/index.php\/wp-json\/wp\/v2\/media\/57236"}],"wp:attachment":[{"href":"https:\/\/247stiri.ro\/index.php\/wp-json\/wp\/v2\/media?parent=57235"}],"wp:term":[{"taxonomy":"category","embeddable":true,"href":"https:\/\/247stiri.ro\/index.php\/wp-json\/wp\/v2\/categories?post=57235"},{"taxonomy":"post_tag","embeddable":true,"href":"https:\/\/247stiri.ro\/index.php\/wp-json\/wp\/v2\/tags?post=57235"}],"curies":[{"name":"wp","href":"https:\/\/api.w.org\/{rel}","templated":true}]}}