{"id":57245,"date":"2026-01-09T20:45:11","date_gmt":"2026-01-09T20:45:11","guid":{"rendered":"https:\/\/247stiri.ro\/index.php\/2026\/01\/09\/cum-supravietuieste-singurul-om-dintr-un-sat-din-apuseni-dupa-ce-iarna-a-taiat-orice-legatura-cu-civilizatia\/"},"modified":"2026-01-09T20:45:11","modified_gmt":"2026-01-09T20:45:11","slug":"cum-supravietuieste-singurul-om-dintr-un-sat-din-apuseni-dupa-ce-iarna-a-taiat-orice-legatura-cu-civilizatia","status":"publish","type":"post","link":"https:\/\/247stiri.ro\/index.php\/2026\/01\/09\/cum-supravietuieste-singurul-om-dintr-un-sat-din-apuseni-dupa-ce-iarna-a-taiat-orice-legatura-cu-civilizatia\/","title":{"rendered":"Cum supravie\u021buie\u0219te singurul om dintr-un sat din Apuseni, dup\u0103 ce iarna a t\u0103iat orice leg\u0103tur\u0103 cu civiliza\u021bia"},"content":{"rendered":"<p>Poli\u021bi\u0219tii din cadrul Postului de Poli\u021bie Mogo\u0219 au intervenit joi \u00eentr-o misiune umanitar\u0103 dificil\u0103, dup\u0103 ce au fost alerta\u021bi c\u0103 singurul locuitor al satului Once\u0219ti a r\u0103mas prizonier \u00een propria cas\u0103 din cauza ninsorilor abundente. B\u0103rbatul, \u00een v\u00e2rst\u0103 de 75 de ani, se afla \u00eentr-o situa\u021bie critic\u0103, r\u0103m\u00e2n\u00e2nd f\u0103r\u0103 medicamentele pentru tensiune care \u00eei erau indispensabile.<\/p>\n<p>Din cauza troienelor care f\u0103ceau drumul impracticabil pentru orice vehicul, salvatorii au fost nevoi\u021bi s\u0103 parcurg\u0103 pe jos aproximativ doi kilometri. Ace\u0219tia au \u00eenaintat cu greu prin z\u0103pada care dep\u0103\u0219ea jum\u0103tate de metru, reu\u0219ind \u00een cele din urm\u0103 s\u0103 ajung\u0103 la locuin\u021ba b\u0103rbatului nu doar cu tratamentul medical necesar, ci \u0219i cu un pachet de alimente de baz\u0103.<\/p>\n<p>\u201eMisiunea colegilor no\u0219tri nu a fost deloc u\u0219oar\u0103, dar dorin\u021ba de a acorda sprijin a \u00eenvins. Unele misiuni nu se v\u0103d din autospeciale \u0219i se \u00eendeplinesc pas cu pas, prin z\u0103pad\u0103, frig \u0219i lini\u0219te\u201d, au transmis reprezentan\u021bii IPJ Alba, subliniind efortul fizic \u0219i d\u0103ruirea agen\u021bilor care au ales s\u0103 str\u0103bat\u0103 muntele pentru a salva o via\u021b\u0103.<\/p>","protected":false},"excerpt":{"rendered":"<p>Poli\u021bi\u0219tii din cadrul Postului de Poli\u021bie Mogo\u0219 au intervenit joi \u00eentr-o misiune umanitar\u0103 dificil\u0103, dup\u0103&hellip;<\/p>\n","protected":false},"author":0,"featured_media":57246,"comment_status":"open","ping_status":"open","sticky":false,"template":"","format":"standard","meta":{"footnotes":""},"categories":[2],"tags":[],"class_list":["post-57245","post","type-post","status-publish","format-standard","has-post-thumbnail","hentry","category-actual"],"_links":{"self":[{"href":"https:\/\/247stiri.ro\/index.php\/wp-json\/wp\/v2\/posts\/57245","targetHints":{"allow":["GET"]}}],"collection":[{"href":"https:\/\/247stiri.ro\/index.php\/wp-json\/wp\/v2\/posts"}],"about":[{"href":"https:\/\/247stiri.ro\/index.php\/wp-json\/wp\/v2\/types\/post"}],"replies":[{"embeddable":true,"href":"https:\/\/247stiri.ro\/index.php\/wp-json\/wp\/v2\/comments?post=57245"}],"version-history":[{"count":0,"href":"https:\/\/247stiri.ro\/index.php\/wp-json\/wp\/v2\/posts\/57245\/revisions"}],"wp:featuredmedia":[{"embeddable":true,"href":"https:\/\/247stiri.ro\/index.php\/wp-json\/wp\/v2\/media\/57246"}],"wp:attachment":[{"href":"https:\/\/247stiri.ro\/index.php\/wp-json\/wp\/v2\/media?parent=57245"}],"wp:term":[{"taxonomy":"category","embeddable":true,"href":"https:\/\/247stiri.ro\/index.php\/wp-json\/wp\/v2\/categories?post=57245"},{"taxonomy":"post_tag","embeddable":true,"href":"https:\/\/247stiri.ro\/index.php\/wp-json\/wp\/v2\/tags?post=57245"}],"curies":[{"name":"wp","href":"https:\/\/api.w.org\/{rel}","templated":true}]}}