{"id":57251,"date":"2026-01-09T21:45:40","date_gmt":"2026-01-09T21:45:40","guid":{"rendered":"https:\/\/247stiri.ro\/index.php\/2026\/01\/09\/lia-olguta-vasilescu-critica-dur-guvernul-pentru-confiscarea-taxelor-locale\/"},"modified":"2026-01-09T21:45:40","modified_gmt":"2026-01-09T21:45:40","slug":"lia-olguta-vasilescu-critica-dur-guvernul-pentru-confiscarea-taxelor-locale","status":"publish","type":"post","link":"https:\/\/247stiri.ro\/index.php\/2026\/01\/09\/lia-olguta-vasilescu-critica-dur-guvernul-pentru-confiscarea-taxelor-locale\/","title":{"rendered":"Lia Olgu\u021ba Vasilescu critic\u0103 dur Guvernul pentru \u201econfiscarea\u201d taxelor locale"},"content":{"rendered":"<p>Conflictul dintre administra\u021biile locale \u0219i Guvern s-a acutizat dup\u0103 ce Lia Olgu\u021ba Vasilescu, primarul Craiovei, a dezv\u0103luit planul premierului Ilie Bolojan de a direc\u021biona surplusul din taxele locale c\u0103tre bugetul central. Potrivit edilului, la ultima \u00eent\u00e2lnire a Asocia\u021biei Municipiilor, premierul a explicat c\u0103 fundamentarea bugetului pentru anul 2026 se bazeaz\u0103 pe majorarea impozitelor, \u00eens\u0103 sumele suplimentare colectate ar urma s\u0103 fie preluate de statul rom\u00e2n. Vasilescu a criticat dur aceast\u0103 abordare, subliniind c\u0103 primarii sunt cei care deconteaz\u0103 politic nemul\u021bumirea cet\u0103\u021benilor, \u00een timp ce beneficiile financiare sunt confiscate de Guvern.<\/p>\n<p>\u201ePrimarii r\u0103m\u00e2n cu \u00eenjur\u0103turile, iar banii merg la bugetul na\u021bional\u201d, a explicat primarul Craiovei, oferind exemplul unei dubl\u0103ri a impozitului \u00een care diferen\u021ba de 100 de lei este extras\u0103 de la nivel local. Ea a avertizat c\u0103 primarii din toat\u0103 \u021bara, indiferent de culoarea politic\u0103, resping categoric aceast\u0103 m\u0103sur\u0103 care \u00eenghea\u021b\u0103 bugetele de investi\u021bii locale la nivelul anului trecut. Discu\u021bia r\u0103m\u00e2ne una critic\u0103 \u0219i urmeaz\u0103 s\u0103 fie tran\u0219at\u0103 \u00een cadrul coali\u021biei de guvernare, edilul subliniind c\u0103 cet\u0103\u021benii care pl\u0103tesc taxe mai mari au preten\u021bia unor servicii publice mai bune \u00een ora\u0219ele lor, nu a unor transferuri c\u0103tre Bucure\u0219ti.<\/p>\n<p>De cealalt\u0103 parte, premierul Ilie Bolojan sus\u021bine c\u0103 major\u0103rile aplicate de la 1 ianuarie reprezint\u0103 contribu\u021bia necesar\u0103 a locuitorilor pentru modernizarea condi\u021biilor de trai. De\u0219i autorit\u0103\u021bile centrale mizeaz\u0103 pe conformarea cet\u0103\u021benilor \u2014 mul\u021bi dintre ace\u0219tia gr\u0103bindu-se s\u0103 achite d\u0103rile pentru a beneficia de bonifica\u021bii \u2014 tensiunile sociale au \u00eenceput deja s\u0103 apar\u0103. Un exemplu concret este ora\u0219ul Salcea, din jude\u021bul Suceava, unde zeci de persoane au protestat \u00een fa\u021ba prim\u0103riei, revoltate de povara fiscal\u0103 crescut\u0103, un fenomen care s-ar putea extinde dac\u0103 redistribuirea banilor nu va fi clarificat\u0103.<\/p>","protected":false},"excerpt":{"rendered":"<p>Conflictul dintre administra\u021biile locale \u0219i Guvern s-a acutizat dup\u0103 ce Lia Olgu\u021ba Vasilescu, primarul Craiovei,&hellip;<\/p>\n","protected":false},"author":0,"featured_media":57248,"comment_status":"open","ping_status":"open","sticky":false,"template":"","format":"standard","meta":{"footnotes":""},"categories":[2],"tags":[],"class_list":["post-57251","post","type-post","status-publish","format-standard","has-post-thumbnail","hentry","category-actual"],"_links":{"self":[{"href":"https:\/\/247stiri.ro\/index.php\/wp-json\/wp\/v2\/posts\/57251","targetHints":{"allow":["GET"]}}],"collection":[{"href":"https:\/\/247stiri.ro\/index.php\/wp-json\/wp\/v2\/posts"}],"about":[{"href":"https:\/\/247stiri.ro\/index.php\/wp-json\/wp\/v2\/types\/post"}],"replies":[{"embeddable":true,"href":"https:\/\/247stiri.ro\/index.php\/wp-json\/wp\/v2\/comments?post=57251"}],"version-history":[{"count":0,"href":"https:\/\/247stiri.ro\/index.php\/wp-json\/wp\/v2\/posts\/57251\/revisions"}],"wp:featuredmedia":[{"embeddable":true,"href":"https:\/\/247stiri.ro\/index.php\/wp-json\/wp\/v2\/media\/57248"}],"wp:attachment":[{"href":"https:\/\/247stiri.ro\/index.php\/wp-json\/wp\/v2\/media?parent=57251"}],"wp:term":[{"taxonomy":"category","embeddable":true,"href":"https:\/\/247stiri.ro\/index.php\/wp-json\/wp\/v2\/categories?post=57251"},{"taxonomy":"post_tag","embeddable":true,"href":"https:\/\/247stiri.ro\/index.php\/wp-json\/wp\/v2\/tags?post=57251"}],"curies":[{"name":"wp","href":"https:\/\/api.w.org\/{rel}","templated":true}]}}