{"id":5728,"date":"2024-11-08T14:04:36","date_gmt":"2024-11-08T14:04:36","guid":{"rendered":"https:\/\/247stiri.ro\/index.php\/2024\/11\/08\/un-tanar-amator-de-sanzatii-tari-desi-nu-are-permis-de-conducere-a-furat-un-autobuz-si-s-a-plimbat-cu-el-pana-a-facut-accident\/"},"modified":"2024-11-08T14:04:36","modified_gmt":"2024-11-08T14:04:36","slug":"un-tanar-amator-de-sanzatii-tari-desi-nu-are-permis-de-conducere-a-furat-un-autobuz-si-s-a-plimbat-cu-el-pana-a-facut-accident","status":"publish","type":"post","link":"https:\/\/247stiri.ro\/index.php\/2024\/11\/08\/un-tanar-amator-de-sanzatii-tari-desi-nu-are-permis-de-conducere-a-furat-un-autobuz-si-s-a-plimbat-cu-el-pana-a-facut-accident\/","title":{"rendered":"Un t\u00e2n\u0103r amator de sanza\u021bii tari. De\u0219i nu are permis de conducere, a furat un autobuz \u0219i s-a plimbat cu el p\u00e2n\u0103 a f\u0103cut accident"},"content":{"rendered":"<p>Potrivit sursei citate, poli\u0163i\u015ftii din cadrul Sec\u0163iei Poli\u0163ie Rural\u0103 Carei au fost sesiza\u0163i de c\u0103tre un b\u0103rbat de 52 de ani, din localitatea C\u0103min, cu privire la faptul c\u0103 autobuzul, ce se afla parcat pe strada Principal\u0103 din aceea\u015fi localitate, apar\u0163in\u00e2nd societ\u0103\u0163ii la care este angajat, a fost sustras, rezult\u00e2nd un prejudiciu de aproximativ 100.000 de lei.&#8221;\u00cen urma celor sesizate, poli\u0163i\u015ftii au ac\u0163ionat de urgen\u0163\u0103 \u00een vedere identific\u0103rii autovehiculului, acesta fiind localizat \u015fi depistat \u00een traficul rutier, pe raza municipiului Carei. Poli\u0163i\u015ftii au procedat la efectuarea manevrei de oprire a autovehiculului reclamat, ca fiind sustras de pe raza localit\u0103\u0163ii, la volanul c\u0103ruia a fost identificat un t\u00e2n\u0103r de 22 de ani, din jude\u0163ul Bihor. Verific\u0103rile efectuate de poli\u0163i\u015fti au relevat faptul c\u0103 t\u00e2n\u0103rul nu posed\u0103 permis de conducere pentru nicio categorie de vehicule&#8221;, precizeaz\u0103 IPJ.Totodat\u0103, poli\u0163i\u015ftii au constatat c\u0103 acesta ar fi produs \u015fi un eveniment rutier soldat cu pagube materiale, pe raza localit\u0103\u0163ii C\u0103min, unde ar fi acro\u015fat un autoturism, ce se afla parcat pe strada Principal\u0103.T\u00e2n\u0103rul a fost re\u0163inut pentru 24 de ore, fiind depus \u00een Centrul de Re\u0163inere \u015fi Arestare Preventiv\u0103 din cadrul IPJ.\u00a0<\/p>","protected":false},"excerpt":{"rendered":"<p>Potrivit sursei citate, poli\u0163i\u015ftii din cadrul Sec\u0163iei Poli\u0163ie Rural\u0103 Carei au fost sesiza\u0163i de c\u0103tre&hellip;<\/p>\n","protected":false},"author":0,"featured_media":5729,"comment_status":"open","ping_status":"open","sticky":false,"template":"","format":"standard","meta":{"footnotes":""},"categories":[2],"tags":[],"class_list":["post-5728","post","type-post","status-publish","format-standard","has-post-thumbnail","hentry","category-actual"],"_links":{"self":[{"href":"https:\/\/247stiri.ro\/index.php\/wp-json\/wp\/v2\/posts\/5728","targetHints":{"allow":["GET"]}}],"collection":[{"href":"https:\/\/247stiri.ro\/index.php\/wp-json\/wp\/v2\/posts"}],"about":[{"href":"https:\/\/247stiri.ro\/index.php\/wp-json\/wp\/v2\/types\/post"}],"replies":[{"embeddable":true,"href":"https:\/\/247stiri.ro\/index.php\/wp-json\/wp\/v2\/comments?post=5728"}],"version-history":[{"count":0,"href":"https:\/\/247stiri.ro\/index.php\/wp-json\/wp\/v2\/posts\/5728\/revisions"}],"wp:featuredmedia":[{"embeddable":true,"href":"https:\/\/247stiri.ro\/index.php\/wp-json\/wp\/v2\/media\/5729"}],"wp:attachment":[{"href":"https:\/\/247stiri.ro\/index.php\/wp-json\/wp\/v2\/media?parent=5728"}],"wp:term":[{"taxonomy":"category","embeddable":true,"href":"https:\/\/247stiri.ro\/index.php\/wp-json\/wp\/v2\/categories?post=5728"},{"taxonomy":"post_tag","embeddable":true,"href":"https:\/\/247stiri.ro\/index.php\/wp-json\/wp\/v2\/tags?post=5728"}],"curies":[{"name":"wp","href":"https:\/\/api.w.org\/{rel}","templated":true}]}}