{"id":5734,"date":"2024-11-08T15:22:33","date_gmt":"2024-11-08T15:22:33","guid":{"rendered":"https:\/\/247stiri.ro\/index.php\/2024\/11\/08\/incendiu-puternic-in-piatra-neamt-pompierii-au-intervenit-de-urgenta\/"},"modified":"2024-11-08T15:22:33","modified_gmt":"2024-11-08T15:22:33","slug":"incendiu-puternic-in-piatra-neamt-pompierii-au-intervenit-de-urgenta","status":"publish","type":"post","link":"https:\/\/247stiri.ro\/index.php\/2024\/11\/08\/incendiu-puternic-in-piatra-neamt-pompierii-au-intervenit-de-urgenta\/","title":{"rendered":"Incendiu puternic \u00een Piatra-Neam\u021b! Pompierii au intervenit de urgen\u021b\u0103"},"content":{"rendered":"<p>Ce au transmis autorit\u0103\u021bile<\/p>\n<p><a href=\"https:\/\/www.realitatea.net\/stiri\/actual\/incendiu-vegetatie-mehedinti-doua-aeronave-spartan-trimise-n-sprijinul-pompierilor-680-de-hectare-afectate_672e08c89f73b52dd76c822a\" target=\"_blank\" rel=\"noopener\">Echipaje de pompieri<\/a> au intervenit rapid la fa\u021ba locului cu dou\u0103 autospeciale de stingere \u0219i o ambulan\u021b\u0103 SMURD. Potrivit ISU Neam\u021b, focul izbucnise \u00een interiorul subsolului, afect\u00e2nd o chiuvet\u0103 din fibr\u0103 de sticl\u0103 \u0219i gener\u00e2nd fum dens. Trei persoane s-au autoevacuat \u00eenainte ca for\u021bele de interven\u021bie s\u0103 ajung\u0103, iar nicio persoan\u0103 nu a necesitat \u00eengrijiri medicale, a precizat c\u0103pitanul Irina Popa, purt\u0103torul de cuv\u00e2nt al ISU Neam\u021b.<\/p>\n<p><a href=\"https:\/\/www.realitatea.net\/stiri\/actual\/incendiu-violent-pe-o-sosea-din-romania-pompierii-au-intervenit-de-urgenta_672cef459a1f534e8f2d2341\" target=\"_blank\" rel=\"noopener\">Dup\u0103 stingerea incendiului,<\/a> pompierii au stabilit c\u0103 acesta a fost cauzat de o candel\u0103 l\u0103sat\u0103 nesupravegheat\u0103.<\/p>\n<p>\u201eAjun\u0219i la locul indicat, pompierii au constatat c\u0103 incendiul se manifesta \u00een interiorul subsolului, cu degajare mare de fum, la o chiuvet\u0103 din fibr\u0103 de sticl\u0103. Trei persoane s-au autoevacuat p\u00e2n\u0103 la sosirea for\u0163elor de interven\u0163ie. Nicio persoan\u0103 nu a avut nevoie de \u00eengrijiri medicale&#8221;, a declarat purt\u0103torul de cuv\u00e2nt al ISU Neam\u0163, c\u0103pitanul Irina Popa.<\/p>","protected":false},"excerpt":{"rendered":"<p>Ce au transmis autorit\u0103\u021bile Echipaje de pompieri au intervenit rapid la fa\u021ba locului cu dou\u0103&hellip;<\/p>\n","protected":false},"author":0,"featured_media":5735,"comment_status":"open","ping_status":"open","sticky":false,"template":"","format":"standard","meta":{"footnotes":""},"categories":[2],"tags":[],"class_list":["post-5734","post","type-post","status-publish","format-standard","has-post-thumbnail","hentry","category-actual"],"_links":{"self":[{"href":"https:\/\/247stiri.ro\/index.php\/wp-json\/wp\/v2\/posts\/5734","targetHints":{"allow":["GET"]}}],"collection":[{"href":"https:\/\/247stiri.ro\/index.php\/wp-json\/wp\/v2\/posts"}],"about":[{"href":"https:\/\/247stiri.ro\/index.php\/wp-json\/wp\/v2\/types\/post"}],"replies":[{"embeddable":true,"href":"https:\/\/247stiri.ro\/index.php\/wp-json\/wp\/v2\/comments?post=5734"}],"version-history":[{"count":0,"href":"https:\/\/247stiri.ro\/index.php\/wp-json\/wp\/v2\/posts\/5734\/revisions"}],"wp:featuredmedia":[{"embeddable":true,"href":"https:\/\/247stiri.ro\/index.php\/wp-json\/wp\/v2\/media\/5735"}],"wp:attachment":[{"href":"https:\/\/247stiri.ro\/index.php\/wp-json\/wp\/v2\/media?parent=5734"}],"wp:term":[{"taxonomy":"category","embeddable":true,"href":"https:\/\/247stiri.ro\/index.php\/wp-json\/wp\/v2\/categories?post=5734"},{"taxonomy":"post_tag","embeddable":true,"href":"https:\/\/247stiri.ro\/index.php\/wp-json\/wp\/v2\/tags?post=5734"}],"curies":[{"name":"wp","href":"https:\/\/api.w.org\/{rel}","templated":true}]}}