{"id":57346,"date":"2026-01-10T19:44:47","date_gmt":"2026-01-10T19:44:47","guid":{"rendered":"https:\/\/247stiri.ro\/index.php\/2026\/01\/10\/donald-trump-iranul-aspira-la-libertate-poate-mai-mult-ca-oricand-statele-unite-sunt-pregatite-sa-ofere-sprijin\/"},"modified":"2026-01-10T19:44:47","modified_gmt":"2026-01-10T19:44:47","slug":"donald-trump-iranul-aspira-la-libertate-poate-mai-mult-ca-oricand-statele-unite-sunt-pregatite-sa-ofere-sprijin","status":"publish","type":"post","link":"https:\/\/247stiri.ro\/index.php\/2026\/01\/10\/donald-trump-iranul-aspira-la-libertate-poate-mai-mult-ca-oricand-statele-unite-sunt-pregatite-sa-ofere-sprijin\/","title":{"rendered":"Donald Trump: \u201eIranul aspir\u0103 la LIBERTATE, poate mai mult ca oric\u00e2nd. Statele Unite sunt preg\u0103tite s\u0103 ofere sprijin!!!\u201d"},"content":{"rendered":"<p>Anun\u021bul pre\u0219edintelui Statelor Unite anun\u021b\u0103, f\u0103r\u0103 echivoc, o interven\u021bie american\u0103 \u00een Iran, \u021bar\u0103 care se confrunt\u0103 cu proteste f\u0103r\u0103 precedent.<\/p>\n<p><a href=\"https:\/\/www.realitatea.net\/stiri\/actual\/marco-rubio-primul-mesaj-oficial-de-sustinere-a-revoltei-din-iran_696271d74d38723064378f15\" target=\"_blank\">Marco Rubio, primul mesaj oficial de sus\u021binere a revoltei din Iran<\/a><\/p>\n<p>Primul care a l\u0103sat s\u0103 se \u00een\u021beleag\u0103 c\u0103 Statele Unite vor s\u0103 intervin\u0103 \u00een Iran a fost Secretarul de Stat al SUA, Marco Rubio.\u00a0<\/p>\n<p>Secretarul se Stat al SUA, Marco Rubio, a postat pentru prima dat\u0103 un mesaj oficial de sus\u021binere pentru iranienii care se r\u0103zboiescu cu autorit\u0103\u021bile de aproape dou\u0103 s\u0103pt\u0103m\u00e2ni.<\/p>\n<p>Secretarul de stat Marco Rubio a semnalat sprijinul Statelor Unite pentru \u201eoamenii curajo\u0219i din Iran\u201d, \u00een contextul \u00een care s\u00e2mb\u0103t\u0103 se \u00eemplinesc dou\u0103 s\u0103pt\u0103m\u00e2ni de la izbucnirea protestelor masive anti-guvernamentale \u00een \u00eentreaga \u021bar\u0103 islamist\u0103.<\/p>\n<p>\u00centr-o \u00eencercare de a zdrobi mi\u0219carea aflat\u0103 \u00een plin\u0103 ascensiune, procurorul general al Iranului a declarat c\u0103 oricine particip\u0103 la proteste va fi considerat un \u201edu\u0219man al lui Dumnezeu\u201d, o acuza\u021bie pedepsit\u0103 cu moartea.<\/p>\n\n<p><a href=\"https:\/\/www.realitatea.net\/stiri\/actual\/ursula-von-der-leyen-ue-ii-sustine-deplin-pe-manifestantii-iranieni_69628ad34fd66646925f9f32\" target=\"_blank\">\u0218i Ursula von Der Leyen a declarat c\u0103 UE este al\u0103turi de protestatari<\/a><\/p>\n<p>Uniunea European\u0103 se pozi\u021bioneaz\u0103 categoric de partea protestatarilor iranieni. Pre\u0219edinta Comisiei Europene, Ursula von der Leyen, a transmis s\u00e2mb\u0103t\u0103 un mesaj de solidaritate \u201edeplin\u0103\u201d fa\u021b\u0103 de manifesta\u021biile masive care zguduie Iranul, condamn\u00e2nd \u00een termeni duri interven\u021bia brutal\u0103 a for\u021belor de ordine. Mesajul liderului de la Bruxelles vine ca un avertisment fa\u021b\u0103 de \u201erepresiunea violent\u0103\u201d exercitat\u0103 de regimul de la Teheran asupra propriilor cet\u0103\u021beni.<\/p>","protected":false},"excerpt":{"rendered":"<p>Anun\u021bul pre\u0219edintelui Statelor Unite anun\u021b\u0103, f\u0103r\u0103 echivoc, o interven\u021bie american\u0103 \u00een Iran, \u021bar\u0103 care se&hellip;<\/p>\n","protected":false},"author":0,"featured_media":57343,"comment_status":"open","ping_status":"open","sticky":false,"template":"","format":"standard","meta":{"footnotes":""},"categories":[2],"tags":[],"class_list":["post-57346","post","type-post","status-publish","format-standard","has-post-thumbnail","hentry","category-actual"],"_links":{"self":[{"href":"https:\/\/247stiri.ro\/index.php\/wp-json\/wp\/v2\/posts\/57346","targetHints":{"allow":["GET"]}}],"collection":[{"href":"https:\/\/247stiri.ro\/index.php\/wp-json\/wp\/v2\/posts"}],"about":[{"href":"https:\/\/247stiri.ro\/index.php\/wp-json\/wp\/v2\/types\/post"}],"replies":[{"embeddable":true,"href":"https:\/\/247stiri.ro\/index.php\/wp-json\/wp\/v2\/comments?post=57346"}],"version-history":[{"count":0,"href":"https:\/\/247stiri.ro\/index.php\/wp-json\/wp\/v2\/posts\/57346\/revisions"}],"wp:featuredmedia":[{"embeddable":true,"href":"https:\/\/247stiri.ro\/index.php\/wp-json\/wp\/v2\/media\/57343"}],"wp:attachment":[{"href":"https:\/\/247stiri.ro\/index.php\/wp-json\/wp\/v2\/media?parent=57346"}],"wp:term":[{"taxonomy":"category","embeddable":true,"href":"https:\/\/247stiri.ro\/index.php\/wp-json\/wp\/v2\/categories?post=57346"},{"taxonomy":"post_tag","embeddable":true,"href":"https:\/\/247stiri.ro\/index.php\/wp-json\/wp\/v2\/tags?post=57346"}],"curies":[{"name":"wp","href":"https:\/\/api.w.org\/{rel}","templated":true}]}}