{"id":57378,"date":"2026-01-11T06:45:31","date_gmt":"2026-01-11T06:45:31","guid":{"rendered":"https:\/\/247stiri.ro\/index.php\/2026\/01\/11\/15-ianuarie-ziua-marii-mobilizari-romanii-ies-in-strada-la-apelul-lui-george-simion-video\/"},"modified":"2026-01-11T06:45:31","modified_gmt":"2026-01-11T06:45:31","slug":"15-ianuarie-ziua-marii-mobilizari-romanii-ies-in-strada-la-apelul-lui-george-simion-video","status":"publish","type":"post","link":"https:\/\/247stiri.ro\/index.php\/2026\/01\/11\/15-ianuarie-ziua-marii-mobilizari-romanii-ies-in-strada-la-apelul-lui-george-simion-video\/","title":{"rendered":"15 ianuarie, ziua marii mobiliz\u0103ri. Rom\u00e2nii ies \u00een strad\u0103 la apelul lui George Simion VIDEO"},"content":{"rendered":"<p>Pe 15 ianuarie, sus\u021bin\u0103torii AUR sunt a\u0219tepta\u021bi \u00een Pia\u021ba Universit\u0103\u021bii, liderul partidului insist\u00e2nd ca mobilizarea s\u0103 aib\u0103 loc indiferent de condi\u021biile meteorologice nefavorabile anun\u021bate de meteorologi.<\/p>\n<p><a title=\"@edypopa19\" href=\"https:\/\/www.tiktok.com\/@edypopa19?refer=embed\" target=\"_blank\">@edypopa19<\/a> 15 Ianuarie, la statui, la Universitate! Unitate nationala! <a title=\"georgesimion\ud83c\uddf9\ud83c\udde9\" href=\"https:\/\/www.tiktok.com\/tag\/georgesimion%F0%9F%87%B9%F0%9F%87%A9?refer=embed\" target=\"_blank\">#georgesimion\ud83c\uddf9\ud83c\udde9<\/a> <a title=\"\u266c original sound - EdyPopa19\" href=\"https:\/\/www.tiktok.com\/music\/original-sound-7592715666693229334?refer=embed\" target=\"_blank\">\u266c original sound &#8211; EdyPopa19<\/a><a title=\"@costel.gimpirea\" href=\"https:\/\/www.tiktok.com\/@costel.gimpirea?refer=embed\" target=\"_blank\">@costel.gimpirea<\/a> 15 ianuarie 2025 @GEORGE SIMION <a title=\"\u266c sunet original - Costel Gimpirea\" href=\"https:\/\/www.tiktok.com\/music\/sunet-original-7592710687013554966?refer=embed\" target=\"_blank\">\u266c sunet original &#8211; Costel Gimpirea<\/a><a href=\"https:\/\/www.realitatea.net\/stiri\/actual\/george-simion-anunta-un-protest-de-amploare-pe-15-ianuarie-de-la-ora-18-iesim-in-piata-universitatii_695f4de2e153e84f06429e09\" target=\"_blank\">George Simion anun\u021b\u0103 un protest de amploare: Pe 15 ianuarie, de la ora 18, ie\u0219im \u00een Pia\u021ba Universit\u0103\u021bii!<\/a><\/p>\n<p>Liderul suverani\u0219tilor anun\u021b\u0103 un protest de amploare pe 15 ianuarie, de la ora 18.00, \u00een Pia\u021ba Universit\u0103\u021bii din Capital\u0103. George Simion sus\u021bine c\u0103 va fi \u00een strad\u0103, al\u0103turi de rom\u00e2nii care s-au s\u0103turat de taxele premierului Ilie Bolojan.<\/p>\n<p>\u00a0<\/p>\n<p>Liderul AUR <a href=\"https:\/\/www.realitatea.net\/stiri\/actual\/george-simion-il-acuza-pe-nicusor-dan-de-ipocrizie-in-privinta-dezinformarii-tocmai-el-se-plange_6960ca6302ae817cde0b2032\" target=\"_blank\">George Simion<\/a> \u00eei cheam\u0103 pe rom\u00e2ni la un protest \u00een Pia\u021ba Unviersit\u0103\u021bii \u00eempotriva legii Vexler \u0219i a actualei guvern\u0103ri.<\/p>\n<p>\u201eProtest joi, 15 ianuarie, de la ora 18. Ne vedem \u00een Pia\u021ba Universit\u0103\u021bii, la statui. Nu mai comenta\u021bi, nu mai critica\u021bi \u00een spatele unor conturi \u0219i pe re\u021belele de socializare, face\u021bi eforturi, chiar dac\u0103 e frig, ie\u0219i\u021bi \u00een strad\u0103, lupta\u021bi pentru ce e al vostru. Dac\u0103 nu v\u0103 place de Simion, dac\u0103 nu v\u0103 place de AUR, face\u021bi voi un protest, organiza\u021bi-v\u0103 voi \u00eentr-un partid, numai face\u021bi voi ceva, c\u0103 trebuie s\u0103 sc\u0103p\u0103m de aceast\u0103 guvernare.\u201d, a declarat liderul suveranist, George Simion.<\/p>","protected":false},"excerpt":{"rendered":"<p>Pe 15 ianuarie, sus\u021bin\u0103torii AUR sunt a\u0219tepta\u021bi \u00een Pia\u021ba Universit\u0103\u021bii, liderul partidului insist\u00e2nd ca mobilizarea&hellip;<\/p>\n","protected":false},"author":0,"featured_media":57371,"comment_status":"open","ping_status":"open","sticky":false,"template":"","format":"standard","meta":{"footnotes":""},"categories":[2],"tags":[],"class_list":["post-57378","post","type-post","status-publish","format-standard","has-post-thumbnail","hentry","category-actual"],"_links":{"self":[{"href":"https:\/\/247stiri.ro\/index.php\/wp-json\/wp\/v2\/posts\/57378","targetHints":{"allow":["GET"]}}],"collection":[{"href":"https:\/\/247stiri.ro\/index.php\/wp-json\/wp\/v2\/posts"}],"about":[{"href":"https:\/\/247stiri.ro\/index.php\/wp-json\/wp\/v2\/types\/post"}],"replies":[{"embeddable":true,"href":"https:\/\/247stiri.ro\/index.php\/wp-json\/wp\/v2\/comments?post=57378"}],"version-history":[{"count":0,"href":"https:\/\/247stiri.ro\/index.php\/wp-json\/wp\/v2\/posts\/57378\/revisions"}],"wp:featuredmedia":[{"embeddable":true,"href":"https:\/\/247stiri.ro\/index.php\/wp-json\/wp\/v2\/media\/57371"}],"wp:attachment":[{"href":"https:\/\/247stiri.ro\/index.php\/wp-json\/wp\/v2\/media?parent=57378"}],"wp:term":[{"taxonomy":"category","embeddable":true,"href":"https:\/\/247stiri.ro\/index.php\/wp-json\/wp\/v2\/categories?post=57378"},{"taxonomy":"post_tag","embeddable":true,"href":"https:\/\/247stiri.ro\/index.php\/wp-json\/wp\/v2\/tags?post=57378"}],"curies":[{"name":"wp","href":"https:\/\/api.w.org\/{rel}","templated":true}]}}