{"id":57379,"date":"2026-01-11T06:45:31","date_gmt":"2026-01-11T06:45:31","guid":{"rendered":"https:\/\/247stiri.ro\/index.php\/2026\/01\/11\/iarna-a-pus-stapanire-pe-romania-drumuri-inzapezite-si-risc-major-de-avalansa-la-munte-video\/"},"modified":"2026-01-11T06:45:31","modified_gmt":"2026-01-11T06:45:31","slug":"iarna-a-pus-stapanire-pe-romania-drumuri-inzapezite-si-risc-major-de-avalansa-la-munte-video","status":"publish","type":"post","link":"https:\/\/247stiri.ro\/index.php\/2026\/01\/11\/iarna-a-pus-stapanire-pe-romania-drumuri-inzapezite-si-risc-major-de-avalansa-la-munte-video\/","title":{"rendered":"Iarna a pus st\u0103p\u00e2nire pe Rom\u00e2nia. Drumuri \u00eenz\u0103pezite \u0219i risc major de avalan\u0219\u0103 la munte VIDEO"},"content":{"rendered":"<p>Iarna s-a dezl\u0103n\u021buit asupra Rom\u00e2niei, aduc\u00e2nd cod galben de ger \u0219i viscol. \u00cen timp ce drumarii duc o lupt\u0103 contra cronometru pentru a desz\u0103pezi \u0219oselele, autorit\u0103\u021bile lanseaz\u0103 un avertisment critic: riscul de avalan\u0219\u0103 este major \u00een toate zonele montane, iar traficul r\u0103m\u00e2ne o provocare extrem\u0103.<\/p>\n\n<p><a href=\"https:\/\/www.realitatea.net\/stiri\/vremea\/se-abate-urgia-asupra-tarii-romania-sub-influenta-unui-ciclon-mediteranean-patru-zile-de-iarna-severa-cu-ger-si-ninsori-abundente_69616af697bde871c22e4542\" target=\"_blank\">Rom\u00e2nia, sub influen\u021ba unui ciclon mediteranean: patru zile de iarn\u0103 sever\u0103, cu ger \u0219i ninsori abundente<\/a><\/p>\n<p>Un episod de vreme extrem\u0103 se instaleaz\u0103 \u00een Rom\u00e2nia, dup\u0103 ce un ciclon format \u00een bazinul M\u0103rii Mediterane \u00ee\u0219i va face sim\u021bit\u0103 prezen\u021ba \u00een urm\u0103toarele zile. Meteorologii avertizeaz\u0103 c\u0103 \u021bara noastr\u0103 va traversa o perioad\u0103 de cel pu\u021bin patru zile cu temperaturi foarte sc\u0103zute, ninsori consistente \u0219i intensific\u0103ri ale v\u00e2ntului, \u00een special \u00een sud \u0219i sud-est.<\/p>\n<p>\u00a0Ninsori, polei \u0219i sc\u0103dere accentuat\u0103 a temperaturilor<\/p>\n<p><a href=\"https:\/\/www.realitatea.net\/stiri\/vremea\/vremea-a-facut-ravagii-in-romania-drumuri-blocate-in-mai-multe-zone-din-tara_695ff8718467dd51607f6822\" target=\"_blank\">Potrivit Administra\u021biei Na\u021bionale de Meteorologie,<\/a>\u00a0primele efecte ale ciclonului se vor resim\u021bi prin precipita\u021bii mixte \u2013 ploaie, lapovi\u021b\u0103 \u0219i ninsoare \u2013 \u00een Banat, Oltenia \u0219i Muntenia, urmate rapid de depuneri de polei. Odat\u0103 cu avansul unei mase de aer polar, temperaturile vor sc\u0103dea brusc, iar vremea va deveni geroas\u0103 \u00een toate regiunile.<\/p>\n<p>\u00cen nordul \u0219i estul \u021b\u0103rii, minimele pot cobor\u00ee p\u00e2n\u0103 la -15 grade Celsius, iar stratul de z\u0103pad\u0103 va atinge local grosimi de 10\u201315 centimetri, \u00een special \u00een sud \u0219i sud-est.<\/p>\n<p>Context meteorologic la nivel european\u00a0<\/p>\n<p>La scar\u0103 continental\u0103, speciali\u0219tii urm\u0103resc evolu\u021bia unui ciclon extratropical extrem de puternic, format \u00een Atlanticul de Nord, cu o presiune foarte sc\u0103zut\u0103 \u00een centru. Sistemul, care a generat rafale violente de v\u00e2nt \u00een vestul Europei, a influen\u021bat circula\u021bia atmosferic\u0103 general\u0103, favoriz\u00e2nd formarea de noi nuclee ciclonice \u00een zona Mediteranei.<\/p>\n<p>\u00a0\u00a0<\/p>\n<p>Aceast\u0103 configura\u021bie atmosferic\u0103 determin\u0103 o circula\u021bie predominant nordic\u0103 \u0219i nord-vestic\u0103, care aduce aer polar spre sudul continentului, inclusiv deasupra Rom\u00e2niei.<\/p>\n<p>V\u00e2nt puternic \u0219i viscol \u00een mai multe zone<\/p>\n<p>Diferen\u021bele mari de presiune atmosferic\u0103 vor favoriza intensific\u0103ri ale v\u00e2ntului, cu viteze de 40\u201350 km\/h \u00een sud-est \u0219i rafale de p\u00e2n\u0103 la 60 km\/h \u00een sud-vest. La munte, v\u00e2ntul va sufla cu putere, iar pe creste sunt posibile rafale de 80\u201390 km\/h, asociate cu viscol \u0219i spulberarea z\u0103pezii.<\/p>\n<p>Coduri de ger \u0219i temperaturi negative persistente<\/p>\n<p><a href=\"https:\/\/www.realitatea.net\/stiri\/vremea\/cod-portocaliu-de-vreme-rea-in-romania-meteorologii-anm-anunta-ger-viscol-si-ninsori-puternice-harta-zonelor-vizate_695f69a3d5e84a2a0a63a602\" target=\"_blank\">ANM a emis<\/a>\u00a0mai multe avertiz\u0103ri de tip cod galben pentru ger, valabile \u00een etape succesive. \u00cen nordul Moldovei \u0219i estul Transilvaniei, temperaturile minime vor cobor\u00ee sub -10 grade, iar maximele vor r\u0103m\u00e2ne negative chiar \u0219i pe timpul zilei. Ulterior, valul de frig se va extinde \u0219i \u00een celelalte regiuni ale \u021b\u0103rii, cu nop\u021bi extrem de reci \u0219i ger persistent.<\/p>\n<p>Meteorologii estimeaz\u0103 c\u0103 vremea va r\u0103m\u00e2ne deosebit de rece inclusiv la \u00eenceputul s\u0103pt\u0103m\u00e2nii viitoare, cu minime foarte sc\u0103zute \u00een special \u00een nordul Rom\u00e2niei. O posibil\u0103 \u00eenc\u0103lzire ar putea ap\u0103rea abia dup\u0103 acest interval.<\/p>\n<p>\u00a0\u00a0<\/p>\n<p>Autorit\u0103\u021bile recomand\u0103 pruden\u021b\u0103 sporit\u0103 \u00een trafic, echiparea corespunz\u0103toare a autovehiculelor pentru iarn\u0103 \u0219i evitarea deplas\u0103rilor \u00een zonele expuse viscolului. Persoanele vulnerabile sunt sf\u0103tuite s\u0103 evite expunerea prelungit\u0103 la frig, iar popula\u021bia este \u00eendemnat\u0103 s\u0103 urm\u0103reasc\u0103 actualiz\u0103rile meteo oficiale.<\/p>","protected":false},"excerpt":{"rendered":"<p>Iarna s-a dezl\u0103n\u021buit asupra Rom\u00e2niei, aduc\u00e2nd cod galben de ger \u0219i viscol. \u00cen timp ce&hellip;<\/p>\n","protected":false},"author":0,"featured_media":57380,"comment_status":"open","ping_status":"open","sticky":false,"template":"","format":"standard","meta":{"footnotes":""},"categories":[2],"tags":[],"class_list":["post-57379","post","type-post","status-publish","format-standard","has-post-thumbnail","hentry","category-actual"],"_links":{"self":[{"href":"https:\/\/247stiri.ro\/index.php\/wp-json\/wp\/v2\/posts\/57379","targetHints":{"allow":["GET"]}}],"collection":[{"href":"https:\/\/247stiri.ro\/index.php\/wp-json\/wp\/v2\/posts"}],"about":[{"href":"https:\/\/247stiri.ro\/index.php\/wp-json\/wp\/v2\/types\/post"}],"replies":[{"embeddable":true,"href":"https:\/\/247stiri.ro\/index.php\/wp-json\/wp\/v2\/comments?post=57379"}],"version-history":[{"count":0,"href":"https:\/\/247stiri.ro\/index.php\/wp-json\/wp\/v2\/posts\/57379\/revisions"}],"wp:featuredmedia":[{"embeddable":true,"href":"https:\/\/247stiri.ro\/index.php\/wp-json\/wp\/v2\/media\/57380"}],"wp:attachment":[{"href":"https:\/\/247stiri.ro\/index.php\/wp-json\/wp\/v2\/media?parent=57379"}],"wp:term":[{"taxonomy":"category","embeddable":true,"href":"https:\/\/247stiri.ro\/index.php\/wp-json\/wp\/v2\/categories?post=57379"},{"taxonomy":"post_tag","embeddable":true,"href":"https:\/\/247stiri.ro\/index.php\/wp-json\/wp\/v2\/tags?post=57379"}],"curies":[{"name":"wp","href":"https:\/\/api.w.org\/{rel}","templated":true}]}}