{"id":5738,"date":"2024-11-08T15:22:33","date_gmt":"2024-11-08T15:22:33","guid":{"rendered":"https:\/\/247stiri.ro\/index.php\/2024\/11\/08\/accident-langa-aeroportul-sibiu-doi-copii-si-un-barbat-au-ajuns-la-spital-cu-rani-grave\/"},"modified":"2024-11-08T15:22:33","modified_gmt":"2024-11-08T15:22:33","slug":"accident-langa-aeroportul-sibiu-doi-copii-si-un-barbat-au-ajuns-la-spital-cu-rani-grave","status":"publish","type":"post","link":"https:\/\/247stiri.ro\/index.php\/2024\/11\/08\/accident-langa-aeroportul-sibiu-doi-copii-si-un-barbat-au-ajuns-la-spital-cu-rani-grave\/","title":{"rendered":"Accident l\u00e2ng\u0103 Aeroportul Sibiu. Doi copii \u0219i un b\u0103rbat au ajuns la spital cu r\u0103ni grave"},"content":{"rendered":"<p>\u201dPoli\u0163i\u015ftii rutieri intervin la un accident produs pe \u015eoseaua Alba Iulia, \u00een municipiul Sibiu. Din primele cercet\u0103ri efectuate, a rezultat c\u0103, \u00een timp ce conducea un autoturism spre aeroport, la intersec\u0163ia cu strada Vasile C\u00e2rlova, o femeie \u00een v\u00e2rst\u0103 de 32 de ani, din jude\u0163ul Cluj, a virat la st\u00e2nga f\u0103r\u0103 s\u0103 acorde prioritate \u015fi a intrat \u00een coliziune cu un autoturism condus din sens opus de c\u0103tre o femeie \u00een v\u00e2rst\u0103 de 35 de ani, din Dob\u00e2rca\u201d, a transmis, vineri, IPJ Sibiu.<\/p>\n<p>\u00cen zon\u0103 se circul\u0103 \u00eengreunat.<\/p>\n<p>Pompierii anun\u0163\u0103 c\u0103 au intervenit cu un echipaj SMURD cu medic, o autospecial\u0103 de stingere \u015fi o autospecial\u0103 de transport personal \u015fi victime multiple.<\/p>\n<p>\u00a0<\/p>\n<p>\u201d\u00cen urma accidentului trei persoane (doi minori \u015fi un adult) au fost transportate la spital\u201d,l a transmis ISU Sibiu.<\/p>\n<p>Este vorba despre \u2060o feti\u0163\u0103 \u00een v\u00e2rst\u0103 de aproximativ 10 de ani care a suferit un traumatism abdominal, \u2060un b\u0103iat \u00een v\u00e2rst\u0103 de aproximativ 15 de ani care a suferit un traumatism cranian \u015fi \u2060un b\u0103rbat \u00een v\u00e2rst\u0103 de aproximativ 35 de ani care a suferit o contuzie cervical\u0103.<\/p>","protected":false},"excerpt":{"rendered":"<p>\u201dPoli\u0163i\u015ftii rutieri intervin la un accident produs pe \u015eoseaua Alba Iulia, \u00een municipiul Sibiu. Din&hellip;<\/p>\n","protected":false},"author":0,"featured_media":5739,"comment_status":"open","ping_status":"open","sticky":false,"template":"","format":"standard","meta":{"footnotes":""},"categories":[2],"tags":[],"class_list":["post-5738","post","type-post","status-publish","format-standard","has-post-thumbnail","hentry","category-actual"],"_links":{"self":[{"href":"https:\/\/247stiri.ro\/index.php\/wp-json\/wp\/v2\/posts\/5738","targetHints":{"allow":["GET"]}}],"collection":[{"href":"https:\/\/247stiri.ro\/index.php\/wp-json\/wp\/v2\/posts"}],"about":[{"href":"https:\/\/247stiri.ro\/index.php\/wp-json\/wp\/v2\/types\/post"}],"replies":[{"embeddable":true,"href":"https:\/\/247stiri.ro\/index.php\/wp-json\/wp\/v2\/comments?post=5738"}],"version-history":[{"count":0,"href":"https:\/\/247stiri.ro\/index.php\/wp-json\/wp\/v2\/posts\/5738\/revisions"}],"wp:featuredmedia":[{"embeddable":true,"href":"https:\/\/247stiri.ro\/index.php\/wp-json\/wp\/v2\/media\/5739"}],"wp:attachment":[{"href":"https:\/\/247stiri.ro\/index.php\/wp-json\/wp\/v2\/media?parent=5738"}],"wp:term":[{"taxonomy":"category","embeddable":true,"href":"https:\/\/247stiri.ro\/index.php\/wp-json\/wp\/v2\/categories?post=5738"},{"taxonomy":"post_tag","embeddable":true,"href":"https:\/\/247stiri.ro\/index.php\/wp-json\/wp\/v2\/tags?post=5738"}],"curies":[{"name":"wp","href":"https:\/\/api.w.org\/{rel}","templated":true}]}}