{"id":57381,"date":"2026-01-11T06:45:32","date_gmt":"2026-01-11T06:45:32","guid":{"rendered":"https:\/\/247stiri.ro\/index.php\/2026\/01\/11\/taxe-mai-mari-pe-proprietate-planul-lui-ilie-bolojan-pentru-o-noua-crestere-a-impozitelor-imobiliare\/"},"modified":"2026-01-11T06:45:32","modified_gmt":"2026-01-11T06:45:32","slug":"taxe-mai-mari-pe-proprietate-planul-lui-ilie-bolojan-pentru-o-noua-crestere-a-impozitelor-imobiliare","status":"publish","type":"post","link":"https:\/\/247stiri.ro\/index.php\/2026\/01\/11\/taxe-mai-mari-pe-proprietate-planul-lui-ilie-bolojan-pentru-o-noua-crestere-a-impozitelor-imobiliare\/","title":{"rendered":"Taxe mai mari pe proprietate. Planul lui Ilie Bolojan pentru o nou\u0103 cre\u0219tere a impozitelor imobiliare"},"content":{"rendered":"<p>Proprietarii din Rom\u00e2nia se confrunt\u0103 cu perspectiva unei cre\u0219teri fulminante a taxelor locale, pe m\u0103sur\u0103 ce Executivul preg\u0103te\u0219te trecerea la un nou sistem de calcul. Schimbarea vizeaz\u0103 abandonarea vechilor grile de impozitare \u00een favoarea unui model bazat pe valoarea de pia\u021b\u0103 real\u0103 a imobilelor. Aceast\u0103 modificare ar putea genera facturi de dou\u0103 sau chiar de trei ori mai mari pentru mul\u021bi cet\u0103\u021beni, \u00een special pentru cei care de\u021bin locuin\u021be \u00een zonele urbane scumpe.<\/p>\n<p>Presiunea PNRR<\/p>\n<p>Implementarea acestui sistem nu este doar o op\u021biune politic\u0103, ci o obliga\u021bie asumat\u0103 prin PNRR. Guvernul condus de Ilie Bolojan este condi\u021bionat de termene stricte pentru a nu periclita accesarea fondurilor europene, angajamentul ini\u021bial fiind aplicarea m\u0103surii chiar din aceast\u0103 lun\u0103. Cu toate acestea, din cauza unor dificult\u0103\u021bi tehnice \u2014 platforma necesar\u0103 nefiind \u00eenc\u0103 opera\u021bional\u0103 \u2014 premierul a sugerat c\u0103 noul mecanism ar putea fi am\u00e2nat pentru anul viitor.<\/p>\n<p>Major\u0103ri record la orizont<\/p>\n<p>O cre\u0219tere suplimentar\u0103 de p\u00e2n\u0103 la 80% \u00cen ciuda semnalelor de am\u00e2nare venite de la v\u00e2rful Guvernului, surse din anturajul prim-ministrului avertizeaz\u0103 c\u0103 sistemul ar putea deveni func\u021bional \u00een doar c\u00e2teva luni. Dac\u0103 platforma va fi lansat\u0103 \u00een cursul acestui an, proprietarii s-ar putea trezi cu major\u0103ri de 70-80%, care s-ar ad\u0103uga la cre\u0219terile deja intrate \u00een vigoare la \u00eenceputul anului.<\/p>\n<p>Miza este uria\u0219\u0103: o digitalizare accelerat\u0103 a bazei de date fiscale ar putea activa automat noile tarife, for\u021b\u00e2nd milioane de rom\u00e2ni s\u0103 \u00ee\u0219i recalculeze bugetele pentru locuin\u021be \u00eentr-un timp record.<\/p>","protected":false},"excerpt":{"rendered":"<p>Proprietarii din Rom\u00e2nia se confrunt\u0103 cu perspectiva unei cre\u0219teri fulminante a taxelor locale, pe m\u0103sur\u0103&hellip;<\/p>\n","protected":false},"author":0,"featured_media":57382,"comment_status":"open","ping_status":"open","sticky":false,"template":"","format":"standard","meta":{"footnotes":""},"categories":[2],"tags":[],"class_list":["post-57381","post","type-post","status-publish","format-standard","has-post-thumbnail","hentry","category-actual"],"_links":{"self":[{"href":"https:\/\/247stiri.ro\/index.php\/wp-json\/wp\/v2\/posts\/57381","targetHints":{"allow":["GET"]}}],"collection":[{"href":"https:\/\/247stiri.ro\/index.php\/wp-json\/wp\/v2\/posts"}],"about":[{"href":"https:\/\/247stiri.ro\/index.php\/wp-json\/wp\/v2\/types\/post"}],"replies":[{"embeddable":true,"href":"https:\/\/247stiri.ro\/index.php\/wp-json\/wp\/v2\/comments?post=57381"}],"version-history":[{"count":0,"href":"https:\/\/247stiri.ro\/index.php\/wp-json\/wp\/v2\/posts\/57381\/revisions"}],"wp:featuredmedia":[{"embeddable":true,"href":"https:\/\/247stiri.ro\/index.php\/wp-json\/wp\/v2\/media\/57382"}],"wp:attachment":[{"href":"https:\/\/247stiri.ro\/index.php\/wp-json\/wp\/v2\/media?parent=57381"}],"wp:term":[{"taxonomy":"category","embeddable":true,"href":"https:\/\/247stiri.ro\/index.php\/wp-json\/wp\/v2\/categories?post=57381"},{"taxonomy":"post_tag","embeddable":true,"href":"https:\/\/247stiri.ro\/index.php\/wp-json\/wp\/v2\/tags?post=57381"}],"curies":[{"name":"wp","href":"https:\/\/api.w.org\/{rel}","templated":true}]}}