{"id":57392,"date":"2026-01-11T07:44:50","date_gmt":"2026-01-11T07:44:50","guid":{"rendered":"https:\/\/247stiri.ro\/index.php\/2026\/01\/11\/tva-de-24-cel-mai-negru-scenariu-economic-pentru-2026-cand-se-scumpeste-totul\/"},"modified":"2026-01-11T07:44:50","modified_gmt":"2026-01-11T07:44:50","slug":"tva-de-24-cel-mai-negru-scenariu-economic-pentru-2026-cand-se-scumpeste-totul","status":"publish","type":"post","link":"https:\/\/247stiri.ro\/index.php\/2026\/01\/11\/tva-de-24-cel-mai-negru-scenariu-economic-pentru-2026-cand-se-scumpeste-totul\/","title":{"rendered":"TVA de 24%. Cel mai negru scenariu economic pentru 2026. C\u00e2nd se scumpe\u0219te totul"},"content":{"rendered":"<p>Speciali\u0219tii avertizeaz\u0103 c\u0103 m\u0103surile fiscale actuale, precum majorarea impozitelor pe locuin\u021be \u0219i autoturisme, sunt insuficiente pentru a atinge \u021binta de deficit de 6% asumat\u0103 de Ilie Bolojan.<\/p>\n<p>\u00cen acest context, presiunea pentru identificarea unor noi surse de venit la bugetul de stat devine critic\u0103.<\/p>\n<p>Totu\u0219i, anali\u0219tii financiari trag un semnal de alarm\u0103: orice nou\u0103 majorare a taxelor, \u00een special a cotei standard de TVA, ar putea declan\u0219a o reac\u021bie \u00een lan\u021b, duc\u00e2nd la o explozie necontrolat\u0103 a pre\u021burilor la raft \u0219i la o sc\u0103dere drastic\u0103 a puterii de cump\u0103rare a popula\u021biei.<\/p>\n<p>PROGNOZ\u0102 SUMBR\u0102: NOI CRE\u0218TERI DE TAXE \u00ceN 2026TVA cot\u0103 general\u0103 21%<\/p>\n<p>Cot\u0103 redus\u0103 11% (alimente, medicamente, energie termic\u0103)Prognoza anali\u0219tilor &#8211; TVA 23-24%Rata infla\u021biei Rom\u00e2nia &#8211; 9,8%Rata infla\u021biei \u00een Uniunea European\u0103 &#8211; 2,5%Prognoza pentru primele luni din 2026 &#8211; rata infla\u021biei &#8211; peste 9%Accize: + 10% ianuarie &#8211; scumpiri la raftSURSA: Realitatea PLUS\u00a0<\/p>","protected":false},"excerpt":{"rendered":"<p>Speciali\u0219tii avertizeaz\u0103 c\u0103 m\u0103surile fiscale actuale, precum majorarea impozitelor pe locuin\u021be \u0219i autoturisme, sunt insuficiente&hellip;<\/p>\n","protected":false},"author":0,"featured_media":57393,"comment_status":"open","ping_status":"open","sticky":false,"template":"","format":"standard","meta":{"footnotes":""},"categories":[2],"tags":[],"class_list":["post-57392","post","type-post","status-publish","format-standard","has-post-thumbnail","hentry","category-actual"],"_links":{"self":[{"href":"https:\/\/247stiri.ro\/index.php\/wp-json\/wp\/v2\/posts\/57392","targetHints":{"allow":["GET"]}}],"collection":[{"href":"https:\/\/247stiri.ro\/index.php\/wp-json\/wp\/v2\/posts"}],"about":[{"href":"https:\/\/247stiri.ro\/index.php\/wp-json\/wp\/v2\/types\/post"}],"replies":[{"embeddable":true,"href":"https:\/\/247stiri.ro\/index.php\/wp-json\/wp\/v2\/comments?post=57392"}],"version-history":[{"count":0,"href":"https:\/\/247stiri.ro\/index.php\/wp-json\/wp\/v2\/posts\/57392\/revisions"}],"wp:featuredmedia":[{"embeddable":true,"href":"https:\/\/247stiri.ro\/index.php\/wp-json\/wp\/v2\/media\/57393"}],"wp:attachment":[{"href":"https:\/\/247stiri.ro\/index.php\/wp-json\/wp\/v2\/media?parent=57392"}],"wp:term":[{"taxonomy":"category","embeddable":true,"href":"https:\/\/247stiri.ro\/index.php\/wp-json\/wp\/v2\/categories?post=57392"},{"taxonomy":"post_tag","embeddable":true,"href":"https:\/\/247stiri.ro\/index.php\/wp-json\/wp\/v2\/tags?post=57392"}],"curies":[{"name":"wp","href":"https:\/\/api.w.org\/{rel}","templated":true}]}}