{"id":57394,"date":"2026-01-11T07:44:51","date_gmt":"2026-01-11T07:44:51","guid":{"rendered":"https:\/\/247stiri.ro\/index.php\/2026\/01\/11\/romania-ingheata-la-inceput-de-saptamana-ninsori-la-munte-si-temperaturi-glaciare-in-toata-tara-cele-mai-noi-prognoze-ale-meteorologului-anm-pentru-realitatea-plus\/"},"modified":"2026-01-11T07:44:51","modified_gmt":"2026-01-11T07:44:51","slug":"romania-ingheata-la-inceput-de-saptamana-ninsori-la-munte-si-temperaturi-glaciare-in-toata-tara-cele-mai-noi-prognoze-ale-meteorologului-anm-pentru-realitatea-plus","status":"publish","type":"post","link":"https:\/\/247stiri.ro\/index.php\/2026\/01\/11\/romania-ingheata-la-inceput-de-saptamana-ninsori-la-munte-si-temperaturi-glaciare-in-toata-tara-cele-mai-noi-prognoze-ale-meteorologului-anm-pentru-realitatea-plus\/","title":{"rendered":"Rom\u00e2nia \u201e\u00eenghea\u021b\u0103\u201d la \u00eenceput de s\u0103pt\u0103m\u00e2n\u0103. Ninsori la munte \u0219i temperaturi glaciare \u00een toat\u0103 \u021bara. Cele mai noi prognoze ale meteorologului ANM pentru Realitatea Plus"},"content":{"rendered":"<p>\u201e\u00cen orele imediat urm\u0103toare, cel pu\u021bin \u00een partea de sud \u0219i de sud-est a teritoriului, unde \u00eenc\u0103 din noaptea trecut\u0103 a \u00eenceput s\u0103 ning\u0103, va continua s\u0103 ning\u0103, dar slab cantitativ. Concret, nu ne a\u0219tept\u0103m la cantit\u0103\u021bi de ap\u0103 \u00eensemnate care s\u0103 determine concretizarea unui strat de z\u0103pad\u0103 semnificativ pe parcursul zilei de ast\u0103zi, sub nicio form\u0103. Ciclonul mediteranean care a adus precipita\u021biile sub form\u0103 de ninsoare \u00een partea de sud \u0219i de sud-est a teritoriului s-a deplasat mult \u0219i nu va mai influen\u021ba \u00een mod direct \u021bara noastr\u0103.<\/p>\n<p>Din perspectiva asta, precipita\u021bii sub form\u0103 de ninsoare, dar slabe cantitativ, repet. S\u0103pt\u0103m\u00e2na imediat urm\u0103toare debuteaz\u0103 tot cu vreme deosebit de rece, geroas\u0103 diminea\u021ba \u0219i noaptea, \u00een special \u00een jum\u0103tatea de nord a teritoriului. Iar din perspectiva precipita\u021biilor, luni, ninsori slabe, \u00een special \u00een partea de nord, centru \u0219i la munte, dar pe suprafe\u021be restr\u00e2nse\u201d, a declarat meteorologul ANM, Oana Catrina, pentru Realitatea Plus.<\/p>","protected":false},"excerpt":{"rendered":"<p>\u201e\u00cen orele imediat urm\u0103toare, cel pu\u021bin \u00een partea de sud \u0219i de sud-est a teritoriului,&hellip;<\/p>\n","protected":false},"author":0,"featured_media":57395,"comment_status":"open","ping_status":"open","sticky":false,"template":"","format":"standard","meta":{"footnotes":""},"categories":[2],"tags":[],"class_list":["post-57394","post","type-post","status-publish","format-standard","has-post-thumbnail","hentry","category-actual"],"_links":{"self":[{"href":"https:\/\/247stiri.ro\/index.php\/wp-json\/wp\/v2\/posts\/57394","targetHints":{"allow":["GET"]}}],"collection":[{"href":"https:\/\/247stiri.ro\/index.php\/wp-json\/wp\/v2\/posts"}],"about":[{"href":"https:\/\/247stiri.ro\/index.php\/wp-json\/wp\/v2\/types\/post"}],"replies":[{"embeddable":true,"href":"https:\/\/247stiri.ro\/index.php\/wp-json\/wp\/v2\/comments?post=57394"}],"version-history":[{"count":0,"href":"https:\/\/247stiri.ro\/index.php\/wp-json\/wp\/v2\/posts\/57394\/revisions"}],"wp:featuredmedia":[{"embeddable":true,"href":"https:\/\/247stiri.ro\/index.php\/wp-json\/wp\/v2\/media\/57395"}],"wp:attachment":[{"href":"https:\/\/247stiri.ro\/index.php\/wp-json\/wp\/v2\/media?parent=57394"}],"wp:term":[{"taxonomy":"category","embeddable":true,"href":"https:\/\/247stiri.ro\/index.php\/wp-json\/wp\/v2\/categories?post=57394"},{"taxonomy":"post_tag","embeddable":true,"href":"https:\/\/247stiri.ro\/index.php\/wp-json\/wp\/v2\/tags?post=57394"}],"curies":[{"name":"wp","href":"https:\/\/api.w.org\/{rel}","templated":true}]}}