{"id":57399,"date":"2026-01-11T08:44:59","date_gmt":"2026-01-11T08:44:59","guid":{"rendered":"https:\/\/247stiri.ro\/index.php\/2026\/01\/11\/alerta-meteo-in-capitala-ninsori-polei-si-ger-in-bucuresti-in-urmatoarele-zile\/"},"modified":"2026-01-11T08:44:59","modified_gmt":"2026-01-11T08:44:59","slug":"alerta-meteo-in-capitala-ninsori-polei-si-ger-in-bucuresti-in-urmatoarele-zile","status":"publish","type":"post","link":"https:\/\/247stiri.ro\/index.php\/2026\/01\/11\/alerta-meteo-in-capitala-ninsori-polei-si-ger-in-bucuresti-in-urmatoarele-zile\/","title":{"rendered":"Alert\u0103 meteo \u00een Capital\u0103. Ninsori, polei \u0219i ger \u00een Bucure\u0219ti, \u00een urm\u0103toarele zile"},"content":{"rendered":"<p>Bucure\u0219tiul a intrat sub inciden\u021ba unui cod de vreme sever\u0103 \u00eencep\u00e2nd cu noaptea de 11 ianuarie, c\u00e2nd un prim strat de z\u0103pad\u0103 de aproximativ 3\u20264 cm s-a depus deja pe str\u0103zi, conform ultimei prognoze de la <a href=\"https:\/\/www.meteoromania.ro\/avertizari-nowcasting\/\" target=\"_blank\">Administra\u021bia Na\u021bional\u0103 de Meteorologie<\/a>.<\/p>\n<p>Conform prognozei actualizate, ninsorile vor continua s\u0103 afecteze Capitala, astfel c\u0103 p\u00e2n\u0103 duminic\u0103 diminea\u021ba stratul total de z\u0103pad\u0103 va atinge grosimi de 7\u20269 cm, \u00een condi\u021biile unui v\u00e2nt slab p\u00e2n\u0103 la moderat \u0219i a unor temperaturi ce vor cobor\u00ee spre pragul de -5 grade.<\/p>\n<p>Duminc\u0103 geroas\u0103 \u0219i cu ninsori, \u00een Capital\u0103<\/p>\n<p>Pe parcursul zilei de duminic\u0103, de\u0219i ninsorile vor deveni slabe cantitativ, vremea va r\u0103m\u00e2ne deosebit de rece, ad\u0103ug\u00e2nd \u00eenc\u0103 2\u20264 cm de z\u0103pad\u0103 pe carosabil, \u00een timp ce maximele termice nu vor dep\u0103\u0219i -3 grade.<\/p>\n<p>Intervalul critic se va prelungi p\u00e2n\u0103 mar\u021bi, 13 ianuarie, ora 10:00, perioad\u0103 marcat\u0103 de un regim termic deosebit de sc\u0103zut \u0219i de riscul form\u0103rii poleiului din cauza precipita\u021biilor mixte.<\/p>\n<p>De\u0219i precipita\u021biile se vor opri treptat spre \u00eenceputul s\u0103pt\u0103m\u00e2nii, gerul se va intensifica considerabil, astfel c\u0103, \u00een timp ce luni maxima se va situa \u00een jurul valorii de -1 grad, noaptea de luni spre mar\u021bi va aduce temperaturi minime extrem de sc\u0103zute, cuprinse \u00eentre -10 \u0219i -8 grade.<\/p>\n<p>\u00centreaga perioad\u0103 este caracterizat\u0103 de o informare meteorologic\u0103 ce vizeaz\u0103 acumularea stratului de z\u0103pad\u0103 \u0219i instalarea unui episod de vreme sever\u0103, impun\u00e2nd pruden\u021b\u0103 maxim\u0103 \u00een trafic \u0219i m\u0103suri de protec\u021bie \u00eempotriva gerului.<\/p>","protected":false},"excerpt":{"rendered":"<p>Bucure\u0219tiul a intrat sub inciden\u021ba unui cod de vreme sever\u0103 \u00eencep\u00e2nd cu noaptea de 11&hellip;<\/p>\n","protected":false},"author":0,"featured_media":57400,"comment_status":"open","ping_status":"open","sticky":false,"template":"","format":"standard","meta":{"footnotes":""},"categories":[2],"tags":[],"class_list":["post-57399","post","type-post","status-publish","format-standard","has-post-thumbnail","hentry","category-actual"],"_links":{"self":[{"href":"https:\/\/247stiri.ro\/index.php\/wp-json\/wp\/v2\/posts\/57399","targetHints":{"allow":["GET"]}}],"collection":[{"href":"https:\/\/247stiri.ro\/index.php\/wp-json\/wp\/v2\/posts"}],"about":[{"href":"https:\/\/247stiri.ro\/index.php\/wp-json\/wp\/v2\/types\/post"}],"replies":[{"embeddable":true,"href":"https:\/\/247stiri.ro\/index.php\/wp-json\/wp\/v2\/comments?post=57399"}],"version-history":[{"count":0,"href":"https:\/\/247stiri.ro\/index.php\/wp-json\/wp\/v2\/posts\/57399\/revisions"}],"wp:featuredmedia":[{"embeddable":true,"href":"https:\/\/247stiri.ro\/index.php\/wp-json\/wp\/v2\/media\/57400"}],"wp:attachment":[{"href":"https:\/\/247stiri.ro\/index.php\/wp-json\/wp\/v2\/media?parent=57399"}],"wp:term":[{"taxonomy":"category","embeddable":true,"href":"https:\/\/247stiri.ro\/index.php\/wp-json\/wp\/v2\/categories?post=57399"},{"taxonomy":"post_tag","embeddable":true,"href":"https:\/\/247stiri.ro\/index.php\/wp-json\/wp\/v2\/tags?post=57399"}],"curies":[{"name":"wp","href":"https:\/\/api.w.org\/{rel}","templated":true}]}}