{"id":57409,"date":"2026-01-11T09:45:23","date_gmt":"2026-01-11T09:45:23","guid":{"rendered":"https:\/\/247stiri.ro\/index.php\/2026\/01\/11\/doliu-in-lumea-muzicii-un-cantaret-celebru-si-alte-cinci-persoane-au-pierit-intr-un-accident-aviatic-in-columbia-video\/"},"modified":"2026-01-11T09:45:23","modified_gmt":"2026-01-11T09:45:23","slug":"doliu-in-lumea-muzicii-un-cantaret-celebru-si-alte-cinci-persoane-au-pierit-intr-un-accident-aviatic-in-columbia-video","status":"publish","type":"post","link":"https:\/\/247stiri.ro\/index.php\/2026\/01\/11\/doliu-in-lumea-muzicii-un-cantaret-celebru-si-alte-cinci-persoane-au-pierit-intr-un-accident-aviatic-in-columbia-video\/","title":{"rendered":"Doliu \u00een lumea muzicii. Un c\u00e2nt\u0103re\u021b celebru \u0219i alte cinci persoane au pierit \u00eentr-un accident aviatic \u00een Columbia | VIDEO"},"content":{"rendered":"<p>Tragedia aviatic\u0103 produs\u0103 s\u00e2mb\u0103t\u0103 \u00een apropierea aeroportului din Paipa, departamentul Boyaca, s-a soldat cu decesul tuturor celor \u0219ase persoane aflate la bord, vestea fiind confirmat\u0103 oficial de colonelul Alvaro Bello din cadrul Direc\u021biei Avia\u021biei Civile. Avionul privat, care avea ca destina\u021bie ora\u0219ul Medellin, s-a pr\u0103bu\u0219it la scurt timp dup\u0103 decolare, nereu\u0219ind s\u0103 c\u00e2\u0219tige altitudinea necesar\u0103. Aeronava s-a izbit de sol \u00eentr-un c\u00e2mp de la cap\u0103tul pistei \u0219i a fost imediat cuprins\u0103 de fl\u0103c\u0103ri, momentul dramatic fiind surprins \u00een imagini publicate pe re\u021belele sociale, care \u00eenf\u0103\u021bi\u0219eaz\u0103 aparatul de zbor ridic\u00e2ndu-se cu dificultate \u00eenainte de impactul fatal.<\/p>\n\n<p>Printre cei care \u0219i-au pierdut via\u021ba se num\u0103r\u0103 Yeison Orlando Jimenez Galeano, un artist extrem de popular \u00een v\u00e2rst\u0103 de 34 de ani, considerat una dintre cele mai influente voci ale muzicii regionale columbiene. Cunoscut pentru interpret\u0103rile sale de \u201eranchera\u201d \u0219i \u201ecorridos\u201d cu influen\u021be mexicane, Jimenez acumulase milioane de fani pe platformele digitale precum YouTube \u0219i Spotify. Al\u0103turi de el au pierit membri ai echipei sale, inclusiv muzicieni \u0219i personal tehnic, care \u00eel \u00eenso\u021beau la \u00eentoarcerea de la un concert sus\u021binut \u00een Boyaca.<\/p>\n<p>Artistul se afla \u00eentr-un turneu str\u00e2ns, urm\u00e2nd s\u0103 ajung\u0103 la Medellin pentru a sus\u021bine un alt spectacol programat \u00een localitatea Marinilla \u00een aceea\u0219i zi. De\u0219i echipele de interven\u021bie au fost mobilizate rapid \u0219i au ajuns la locul pr\u0103bu\u0219irii \u00een scurt timp, incendiul devastator \u0219i violen\u021ba impactului au f\u0103cut imposibil\u0103 salvarea vreunui pasager. Dispari\u021bia sa brusc\u0103 las\u0103 un gol imens \u00een industria muzical\u0103 din Columbia, fiind o pierdere major\u0103 pentru fanii care \u00eei urm\u0103reau cariera de succes.<\/p>","protected":false},"excerpt":{"rendered":"<p>Tragedia aviatic\u0103 produs\u0103 s\u00e2mb\u0103t\u0103 \u00een apropierea aeroportului din Paipa, departamentul Boyaca, s-a soldat cu decesul&hellip;<\/p>\n","protected":false},"author":0,"featured_media":57406,"comment_status":"open","ping_status":"open","sticky":false,"template":"","format":"standard","meta":{"footnotes":""},"categories":[2],"tags":[],"class_list":["post-57409","post","type-post","status-publish","format-standard","has-post-thumbnail","hentry","category-actual"],"_links":{"self":[{"href":"https:\/\/247stiri.ro\/index.php\/wp-json\/wp\/v2\/posts\/57409","targetHints":{"allow":["GET"]}}],"collection":[{"href":"https:\/\/247stiri.ro\/index.php\/wp-json\/wp\/v2\/posts"}],"about":[{"href":"https:\/\/247stiri.ro\/index.php\/wp-json\/wp\/v2\/types\/post"}],"replies":[{"embeddable":true,"href":"https:\/\/247stiri.ro\/index.php\/wp-json\/wp\/v2\/comments?post=57409"}],"version-history":[{"count":0,"href":"https:\/\/247stiri.ro\/index.php\/wp-json\/wp\/v2\/posts\/57409\/revisions"}],"wp:featuredmedia":[{"embeddable":true,"href":"https:\/\/247stiri.ro\/index.php\/wp-json\/wp\/v2\/media\/57406"}],"wp:attachment":[{"href":"https:\/\/247stiri.ro\/index.php\/wp-json\/wp\/v2\/media?parent=57409"}],"wp:term":[{"taxonomy":"category","embeddable":true,"href":"https:\/\/247stiri.ro\/index.php\/wp-json\/wp\/v2\/categories?post=57409"},{"taxonomy":"post_tag","embeddable":true,"href":"https:\/\/247stiri.ro\/index.php\/wp-json\/wp\/v2\/tags?post=57409"}],"curies":[{"name":"wp","href":"https:\/\/api.w.org\/{rel}","templated":true}]}}