{"id":57419,"date":"2026-01-11T10:45:13","date_gmt":"2026-01-11T10:45:13","guid":{"rendered":"https:\/\/247stiri.ro\/index.php\/2026\/01\/11\/interventie-salvatoare-a-jandarmilor-pentru-o-familie-cu-doi-micuti-ramasa-blocata-in-sant-dupa-un-accident-cu-masina-video\/"},"modified":"2026-01-11T10:45:13","modified_gmt":"2026-01-11T10:45:13","slug":"interventie-salvatoare-a-jandarmilor-pentru-o-familie-cu-doi-micuti-ramasa-blocata-in-sant-dupa-un-accident-cu-masina-video","status":"publish","type":"post","link":"https:\/\/247stiri.ro\/index.php\/2026\/01\/11\/interventie-salvatoare-a-jandarmilor-pentru-o-familie-cu-doi-micuti-ramasa-blocata-in-sant-dupa-un-accident-cu-masina-video\/","title":{"rendered":"Interven\u021bie salvatoare a jandarmilor pentru o familie cu doi micu\u021bi, r\u0103mas\u0103 blocat\u0103 \u00een \u0219an\u021b dup\u0103 un accident cu ma\u0219ina VIDEO"},"content":{"rendered":"<p>\u00cen diminea\u021ba zilei de duminic\u0103, o familie cu doi copii a fost salvat\u0103 de jandarmii montani din cadrul Postului C\u0103l\u0103\u021bele-F\u00e2nt\u00e2nele, care au intervenit prompt \u00een timpul unei misiuni de patrulare. Incidentul a avut loc la ie\u0219irea din localitatea S\u00e2ncraiu, jude\u021bul Cluj, unde \u0219oferul a pierdut controlul direc\u021biei din cauza drumului alunecos, iar autoturismul a derapat \u0219i a r\u0103mas blocat \u00eentr-un \u0219an\u021b de pe marginea carosabilului.<\/p>\n\n<p>Echipajul de interven\u021bie a reu\u0219it s\u0103 extrag\u0103 vehiculul \u0219i s\u0103 pun\u0103 pasagerii \u00een siguran\u021b\u0103, profit\u00e2nd de ocazie pentru a transmite un apel la pruden\u021b\u0103 c\u0103tre to\u021bi conduc\u0103torii auto. Reprezentan\u021bii Jandarmeriei subliniaz\u0103 importan\u021ba echip\u0103rii corespunz\u0103toare a vehiculelor pentru condi\u021bii grele de iarn\u0103, recomand\u00e2nd utilizarea ma\u0219inilor cu trac\u021biune integral\u0103 \u0219i dotarea obligatorie cu anvelope de sezon, lan\u021buri, lopat\u0103 \u0219i nisip. Totodat\u0103, autorit\u0103\u021bile sf\u0103tuiesc turi\u0219tii s\u0103 circule exclusiv pe drumurile deschise oficial \u0219i s\u0103 respecte traseele marcate pentru a evita situa\u021biile de risc.<\/p>","protected":false},"excerpt":{"rendered":"<p>\u00cen diminea\u021ba zilei de duminic\u0103, o familie cu doi copii a fost salvat\u0103 de jandarmii&hellip;<\/p>\n","protected":false},"author":0,"featured_media":57420,"comment_status":"open","ping_status":"open","sticky":false,"template":"","format":"standard","meta":{"footnotes":""},"categories":[2],"tags":[],"class_list":["post-57419","post","type-post","status-publish","format-standard","has-post-thumbnail","hentry","category-actual"],"_links":{"self":[{"href":"https:\/\/247stiri.ro\/index.php\/wp-json\/wp\/v2\/posts\/57419","targetHints":{"allow":["GET"]}}],"collection":[{"href":"https:\/\/247stiri.ro\/index.php\/wp-json\/wp\/v2\/posts"}],"about":[{"href":"https:\/\/247stiri.ro\/index.php\/wp-json\/wp\/v2\/types\/post"}],"replies":[{"embeddable":true,"href":"https:\/\/247stiri.ro\/index.php\/wp-json\/wp\/v2\/comments?post=57419"}],"version-history":[{"count":0,"href":"https:\/\/247stiri.ro\/index.php\/wp-json\/wp\/v2\/posts\/57419\/revisions"}],"wp:featuredmedia":[{"embeddable":true,"href":"https:\/\/247stiri.ro\/index.php\/wp-json\/wp\/v2\/media\/57420"}],"wp:attachment":[{"href":"https:\/\/247stiri.ro\/index.php\/wp-json\/wp\/v2\/media?parent=57419"}],"wp:term":[{"taxonomy":"category","embeddable":true,"href":"https:\/\/247stiri.ro\/index.php\/wp-json\/wp\/v2\/categories?post=57419"},{"taxonomy":"post_tag","embeddable":true,"href":"https:\/\/247stiri.ro\/index.php\/wp-json\/wp\/v2\/tags?post=57419"}],"curies":[{"name":"wp","href":"https:\/\/api.w.org\/{rel}","templated":true}]}}