{"id":57445,"date":"2026-01-11T14:45:02","date_gmt":"2026-01-11T14:45:02","guid":{"rendered":"https:\/\/247stiri.ro\/index.php\/2026\/01\/11\/tanar-de-18-ani-gasit-mort-intr-o-caemra-de-serviciu-a-restauarentului-in-care-lucra\/"},"modified":"2026-01-11T14:45:02","modified_gmt":"2026-01-11T14:45:02","slug":"tanar-de-18-ani-gasit-mort-intr-o-caemra-de-serviciu-a-restauarentului-in-care-lucra","status":"publish","type":"post","link":"https:\/\/247stiri.ro\/index.php\/2026\/01\/11\/tanar-de-18-ani-gasit-mort-intr-o-caemra-de-serviciu-a-restauarentului-in-care-lucra\/","title":{"rendered":"T\u00e2n\u0103r de 18 ani, g\u0103sit mort \u00eentr-o caemr\u0103 de serviciu a restauarentului \u00een care lucra"},"content":{"rendered":"<p>T\u00e2n\u0103rul a fost g\u0103sit \u00eentins pe pat, in \u00eenc\u0103perea transformat\u0103 \u00een garsonier\u0103, iar cei care l-au descoperit au sunat imediat la 112. Echipajele medicale au ajuns rapid la fa\u021ba locului, \u00eens\u0103 nu au mai putut face nimic pentru el.<\/p>\n<p>Poli\u021bia a deschis o anchet\u0103 pentru a stabili ce s-a \u00eent\u00e2mplat. Deocamdat\u0103 nu exist\u0103 indicii clare despre cauza mor\u021bii, iar necropsia urmeaz\u0103 s\u0103 ofere r\u0103spunsurile.<\/p>\n<p>Ce spune Poli\u021bia<\/p>\n<p>\u201eLa data de 11 ianuarie a.c., poli\u021bi\u0219tii din cadrul Poli\u021biei municipiului Bistri\u021ba au fost sesiza\u021bi cu privire la faptul c\u0103 un t\u00e2n\u0103r se afl\u0103 \u00een stare de inco\u0219tien\u021b\u0103, \u00eentr-un imobil din Bistri\u021ba. La locul sesiz\u0103rii, dup\u0103 interven\u021bia echipelor medicale, a fost constatat decesul unui t\u00e2n\u0103r de 18 ani, din Feldru. Cu privire la cele constatate, poli\u021bi\u0219tii au \u00eentocmit un dosar penal cu privire la infrac\u021biunea de ucidere din culp\u0103, urm\u00e2nd documentarea faptei, fiind totodat\u0103 dispus\u0103 necropsia, \u00een vederea determin\u0103rii cauzei decesului\u201d, au transmis reprezentan\u021bii IPJ Bistri\u021ba-N\u0103s\u0103ud.<\/p>","protected":false},"excerpt":{"rendered":"<p>T\u00e2n\u0103rul a fost g\u0103sit \u00eentins pe pat, in \u00eenc\u0103perea transformat\u0103 \u00een garsonier\u0103, iar cei care&hellip;<\/p>\n","protected":false},"author":0,"featured_media":57446,"comment_status":"open","ping_status":"open","sticky":false,"template":"","format":"standard","meta":{"footnotes":""},"categories":[2],"tags":[],"class_list":["post-57445","post","type-post","status-publish","format-standard","has-post-thumbnail","hentry","category-actual"],"_links":{"self":[{"href":"https:\/\/247stiri.ro\/index.php\/wp-json\/wp\/v2\/posts\/57445","targetHints":{"allow":["GET"]}}],"collection":[{"href":"https:\/\/247stiri.ro\/index.php\/wp-json\/wp\/v2\/posts"}],"about":[{"href":"https:\/\/247stiri.ro\/index.php\/wp-json\/wp\/v2\/types\/post"}],"replies":[{"embeddable":true,"href":"https:\/\/247stiri.ro\/index.php\/wp-json\/wp\/v2\/comments?post=57445"}],"version-history":[{"count":0,"href":"https:\/\/247stiri.ro\/index.php\/wp-json\/wp\/v2\/posts\/57445\/revisions"}],"wp:featuredmedia":[{"embeddable":true,"href":"https:\/\/247stiri.ro\/index.php\/wp-json\/wp\/v2\/media\/57446"}],"wp:attachment":[{"href":"https:\/\/247stiri.ro\/index.php\/wp-json\/wp\/v2\/media?parent=57445"}],"wp:term":[{"taxonomy":"category","embeddable":true,"href":"https:\/\/247stiri.ro\/index.php\/wp-json\/wp\/v2\/categories?post=57445"},{"taxonomy":"post_tag","embeddable":true,"href":"https:\/\/247stiri.ro\/index.php\/wp-json\/wp\/v2\/tags?post=57445"}],"curies":[{"name":"wp","href":"https:\/\/api.w.org\/{rel}","templated":true}]}}