{"id":5746,"date":"2024-11-08T16:19:42","date_gmt":"2024-11-08T16:19:42","guid":{"rendered":"https:\/\/247stiri.ro\/index.php\/2024\/11\/08\/iarna-vine-in-forta-directoarea-anm-a-spus-unde-va-ninge-in-weeekend-nu-scapa-nici-bucurestiul-de-vremea-rea\/"},"modified":"2024-11-08T16:19:42","modified_gmt":"2024-11-08T16:19:42","slug":"iarna-vine-in-forta-directoarea-anm-a-spus-unde-va-ninge-in-weeekend-nu-scapa-nici-bucurestiul-de-vremea-rea","status":"publish","type":"post","link":"https:\/\/247stiri.ro\/index.php\/2024\/11\/08\/iarna-vine-in-forta-directoarea-anm-a-spus-unde-va-ninge-in-weeekend-nu-scapa-nici-bucurestiul-de-vremea-rea\/","title":{"rendered":"Iarna vine \u00een for\u021b\u0103. Directoarea ANM a spus unde va ninge \u00een weeekend. Nu scap\u0103 nici Bucure\u0219tiul de vremea rea"},"content":{"rendered":"<p>&#8222;O schimbare semnificativ\u0103 a vremii la acest sf\u00e2r\u0219it de s\u0103pt\u0103m\u00e2n\u0103, mai ales \u00eencep\u00e2nd de m\u00e2ine, c\u00e2nd \u00een partea de est \u0219i sud a \u021b\u0103rii vremea se va r\u0103ci accentuat. Vorbim de valori cel mult de p\u00e2n\u0103 la 9-10\u00b0C&#8221;, a anun\u021bat directorul ANM Elena Mateescu la un post TV.<\/p>\n<p>\u00cen acela\u0219i timp \u00ee\u0219i vor face apari\u021bia \u0219i precipita\u021biile care vor cumula izolat 10-20l\/m\u00b2 \u00een special \u00een partea de sud-est a \u021b\u0103rii \u0219i precipita\u021bii predominant sub form\u0103 de lapovi\u021b\u0103 \u0219i ninsoare chiar \u0219i \u00een zonele montane, nu numai \u00eenalte, dar \u0219i \u00een zonele subcarpatice.<\/p>\n<p>&#8222;Inclusiv \u00een Capital\u0103 vom avea o vreme mai rece, o maxim\u0103 \u00een jurul a 9 grade, o minim\u0103 destul de cobor\u00e2t\u0103 spre minus. Vom avea valori cu minus \u00een zona preor\u0103\u0219eneasc\u0103, p\u00e2n\u0103 la cel mult 0-1 grad la restul sta\u021biilor meteorologice din Capital\u0103\u201d, a mai anun\u021bat Elena Mateescu.<\/p>","protected":false},"excerpt":{"rendered":"<p>&#8222;O schimbare semnificativ\u0103 a vremii la acest sf\u00e2r\u0219it de s\u0103pt\u0103m\u00e2n\u0103, mai ales \u00eencep\u00e2nd de m\u00e2ine,&hellip;<\/p>\n","protected":false},"author":0,"featured_media":5747,"comment_status":"open","ping_status":"open","sticky":false,"template":"","format":"standard","meta":{"footnotes":""},"categories":[2],"tags":[],"class_list":["post-5746","post","type-post","status-publish","format-standard","has-post-thumbnail","hentry","category-actual"],"_links":{"self":[{"href":"https:\/\/247stiri.ro\/index.php\/wp-json\/wp\/v2\/posts\/5746","targetHints":{"allow":["GET"]}}],"collection":[{"href":"https:\/\/247stiri.ro\/index.php\/wp-json\/wp\/v2\/posts"}],"about":[{"href":"https:\/\/247stiri.ro\/index.php\/wp-json\/wp\/v2\/types\/post"}],"replies":[{"embeddable":true,"href":"https:\/\/247stiri.ro\/index.php\/wp-json\/wp\/v2\/comments?post=5746"}],"version-history":[{"count":0,"href":"https:\/\/247stiri.ro\/index.php\/wp-json\/wp\/v2\/posts\/5746\/revisions"}],"wp:featuredmedia":[{"embeddable":true,"href":"https:\/\/247stiri.ro\/index.php\/wp-json\/wp\/v2\/media\/5747"}],"wp:attachment":[{"href":"https:\/\/247stiri.ro\/index.php\/wp-json\/wp\/v2\/media?parent=5746"}],"wp:term":[{"taxonomy":"category","embeddable":true,"href":"https:\/\/247stiri.ro\/index.php\/wp-json\/wp\/v2\/categories?post=5746"},{"taxonomy":"post_tag","embeddable":true,"href":"https:\/\/247stiri.ro\/index.php\/wp-json\/wp\/v2\/tags?post=5746"}],"curies":[{"name":"wp","href":"https:\/\/api.w.org\/{rel}","templated":true}]}}