{"id":5748,"date":"2024-11-08T16:19:42","date_gmt":"2024-11-08T16:19:42","guid":{"rendered":"https:\/\/247stiri.ro\/index.php\/2024\/11\/08\/incident-grav-la-o-salina-din-romania-bolovani-de-sare-au-cazut-pe-traseul-turistilor\/"},"modified":"2024-11-08T16:19:42","modified_gmt":"2024-11-08T16:19:42","slug":"incident-grav-la-o-salina-din-romania-bolovani-de-sare-au-cazut-pe-traseul-turistilor","status":"publish","type":"post","link":"https:\/\/247stiri.ro\/index.php\/2024\/11\/08\/incident-grav-la-o-salina-din-romania-bolovani-de-sare-au-cazut-pe-traseul-turistilor\/","title":{"rendered":"Incident grav la o salin\u0103 din Rom\u00e2nia: bolovani de sare au c\u0103zut pe traseul turi\u0219tilor"},"content":{"rendered":"<p>Conducerea salinei a fost demis\u0103<\/p>\n<p>Incidentul s-a petrecut duminic\u0103, la scurt timp dup\u0103 sosirea unui autocar cu turi\u0219ti. Buc\u0103\u021bi masive de sare s-au pr\u0103bu\u0219it \u00een zona traseului de vizitare, determin\u00e2nd autorit\u0103\u021bile s\u0103 \u00eenchid\u0103 \u0219i s\u0103 izoleze rapid locul pentru a preveni eventuale accidente. Totu\u0219i, \u00een ciuda gravit\u0103\u021bii situa\u021biei, <a href=\"https:\/\/www.realitatea.net\/stiri\/sanatate\/turistii-au-luat-cu-asalt-acest-loc-din-romania-ce-beneficii-mari-aduce-sanatatii_672774b76f99fb0a686de753\" target=\"_blank\" rel=\"noopener\">salina a r\u0103mas deschis\u0103<\/a> pentru public \u00eenc\u0103 patru zile dup\u0103 incident, f\u0103r\u0103 a fi informat\u0103 imediat Societatea Na\u021bional\u0103 a S\u0103rii, a\u0219a cum prevede protocolul de siguran\u021b\u0103.<\/p>\n<p>\u00cen urma acestui incident \u0219i a \u00eent\u00e2rzierii \u00een raportare, directorul \u0219i <a href=\"https:\/\/www.realitatea.net\/stiri\/monden\/cel-mai-celebru-tanar-de-pe-internet-a-filmat-in-salina-turda-7-zile-petrecute-in-romania-video_670ccf53af0c8268db578587\" target=\"_blank\" rel=\"noopener\">directorul adjunct al salinei<\/a> au fost demi\u0219i de conducerea Salrom.<\/p>\n<p>\u00a0Conform regulamentelor, salina trebuia \u00eenchis\u0103 de \u00eendat\u0103 ce s-a produs c\u0103derea bolovanilor, iar informa\u021biile trebuiau transmise prompt autorit\u0103\u021bilor superioare. Constantin Dan Dobrea, directorul general Salrom, a declarat c\u0103 \u201econducerea sucursalelor este obligat\u0103 s\u0103 raporteze orice incident imediat, indiferent de ora la care are loc. Am decis \u00eenchiderea minei turistice pentru a implementa m\u0103suri de siguran\u021b\u0103.\u201d<\/p>\n<p>\u00cen prezent, ancheta continu\u0103 pentru a stabili cauzele care au dus la desprinderea buc\u0103\u021bilor de sare \u0219i pentru a preveni asemenea incidente pe viitor.<\/p>","protected":false},"excerpt":{"rendered":"<p>Conducerea salinei a fost demis\u0103 Incidentul s-a petrecut duminic\u0103, la scurt timp dup\u0103 sosirea unui&hellip;<\/p>\n","protected":false},"author":0,"featured_media":5749,"comment_status":"open","ping_status":"open","sticky":false,"template":"","format":"standard","meta":{"footnotes":""},"categories":[2],"tags":[],"class_list":["post-5748","post","type-post","status-publish","format-standard","has-post-thumbnail","hentry","category-actual"],"_links":{"self":[{"href":"https:\/\/247stiri.ro\/index.php\/wp-json\/wp\/v2\/posts\/5748","targetHints":{"allow":["GET"]}}],"collection":[{"href":"https:\/\/247stiri.ro\/index.php\/wp-json\/wp\/v2\/posts"}],"about":[{"href":"https:\/\/247stiri.ro\/index.php\/wp-json\/wp\/v2\/types\/post"}],"replies":[{"embeddable":true,"href":"https:\/\/247stiri.ro\/index.php\/wp-json\/wp\/v2\/comments?post=5748"}],"version-history":[{"count":0,"href":"https:\/\/247stiri.ro\/index.php\/wp-json\/wp\/v2\/posts\/5748\/revisions"}],"wp:featuredmedia":[{"embeddable":true,"href":"https:\/\/247stiri.ro\/index.php\/wp-json\/wp\/v2\/media\/5749"}],"wp:attachment":[{"href":"https:\/\/247stiri.ro\/index.php\/wp-json\/wp\/v2\/media?parent=5748"}],"wp:term":[{"taxonomy":"category","embeddable":true,"href":"https:\/\/247stiri.ro\/index.php\/wp-json\/wp\/v2\/categories?post=5748"},{"taxonomy":"post_tag","embeddable":true,"href":"https:\/\/247stiri.ro\/index.php\/wp-json\/wp\/v2\/tags?post=5748"}],"curies":[{"name":"wp","href":"https:\/\/api.w.org\/{rel}","templated":true}]}}