{"id":57556,"date":"2026-01-12T10:49:13","date_gmt":"2026-01-12T10:49:13","guid":{"rendered":"https:\/\/247stiri.ro\/index.php\/2026\/01\/12\/sefa-protocolului-de-la-cotroceni-sfidare-totala-la-adresa-romanilor-sarmani-in-ce-ipostaze-s-a-pozat-prin-paris-viata-in-roz-video\/"},"modified":"2026-01-12T10:49:13","modified_gmt":"2026-01-12T10:49:13","slug":"sefa-protocolului-de-la-cotroceni-sfidare-totala-la-adresa-romanilor-sarmani-in-ce-ipostaze-s-a-pozat-prin-paris-viata-in-roz-video","status":"publish","type":"post","link":"https:\/\/247stiri.ro\/index.php\/2026\/01\/12\/sefa-protocolului-de-la-cotroceni-sfidare-totala-la-adresa-romanilor-sarmani-in-ce-ipostaze-s-a-pozat-prin-paris-viata-in-roz-video\/","title":{"rendered":"\u0218efa protocolului de la Cotroceni, sfidare total\u0103 la adresa rom\u00e2nilor s\u0103rmani. \u00cen ce ipostaze s-a pozat prin Paris: \u201eVia\u021ba \u00een roz\u201d -VIDEO"},"content":{"rendered":"<p>Imaginile, surprinse \u00een zone emblematice ale capitalei franceze, au fost ulterior \u0219terse, dup\u0103 ce au ap\u0103rut critici \u00een spa\u021biul public. Potrivit jurnalistului Bogdan Tiberiu Iacob, Delia Dinu ar fi fost surprins\u0103 \u00een seara respectiv\u0103 fotografiindu-se \u00een mai multe locuri cunoscute din Paris.<\/p>\n<p>\u0218efa protocolului de la Cotroceni, \u201evia\u021ba \u00een roz\u201d prin Paris, \u00een timp ce rom\u00e2nii sunt \u00eengropa\u021bi \u00een taxe<\/p>\n<p>\u00centr-una dintre post\u0103ri, \u0219efa protocolului a folosit expresia \u201eLa vie en rose\u201d, tradus\u0103 \u00een limba rom\u00e2n\u0103 \u201evia\u021ba \u00een roz\u201d, al\u0103turi de mai multe poze \u0219i film\u0103ri artistice din capitala lui Macron. Expresia \u201evia\u021ba \u00een roz\u201d a \u0219efei protocolului Administra\u021biei Preziden\u021biale este total nepotrivit\u0103, mai ales c\u0103 mul\u021bi rom\u00e2ni au uitat ce \u00eenseamn\u0103 o \u201evia\u021b\u0103 roz\u201d, fiind \u00eengropa\u021bi \u00een taxe \u0219i impozite uria\u0219e \u0219i \u00een m\u0103suri de austeritate c\u0103rora le fac fa\u021b\u0103 cu greu.<\/p>","protected":false},"excerpt":{"rendered":"<p>Imaginile, surprinse \u00een zone emblematice ale capitalei franceze, au fost ulterior \u0219terse, dup\u0103 ce au&hellip;<\/p>\n","protected":false},"author":0,"featured_media":57557,"comment_status":"open","ping_status":"open","sticky":false,"template":"","format":"standard","meta":{"footnotes":""},"categories":[3],"tags":[],"class_list":["post-57556","post","type-post","status-publish","format-standard","has-post-thumbnail","hentry","category-politica"],"_links":{"self":[{"href":"https:\/\/247stiri.ro\/index.php\/wp-json\/wp\/v2\/posts\/57556","targetHints":{"allow":["GET"]}}],"collection":[{"href":"https:\/\/247stiri.ro\/index.php\/wp-json\/wp\/v2\/posts"}],"about":[{"href":"https:\/\/247stiri.ro\/index.php\/wp-json\/wp\/v2\/types\/post"}],"replies":[{"embeddable":true,"href":"https:\/\/247stiri.ro\/index.php\/wp-json\/wp\/v2\/comments?post=57556"}],"version-history":[{"count":0,"href":"https:\/\/247stiri.ro\/index.php\/wp-json\/wp\/v2\/posts\/57556\/revisions"}],"wp:featuredmedia":[{"embeddable":true,"href":"https:\/\/247stiri.ro\/index.php\/wp-json\/wp\/v2\/media\/57557"}],"wp:attachment":[{"href":"https:\/\/247stiri.ro\/index.php\/wp-json\/wp\/v2\/media?parent=57556"}],"wp:term":[{"taxonomy":"category","embeddable":true,"href":"https:\/\/247stiri.ro\/index.php\/wp-json\/wp\/v2\/categories?post=57556"},{"taxonomy":"post_tag","embeddable":true,"href":"https:\/\/247stiri.ro\/index.php\/wp-json\/wp\/v2\/tags?post=57556"}],"curies":[{"name":"wp","href":"https:\/\/api.w.org\/{rel}","templated":true}]}}